{"id":51,"date":"2006-06-09T19:55:29","date_gmt":"2006-06-09T19:55:29","guid":{"rendered":"https:\/\/albertoguzik.org.br\/?p=51"},"modified":"2021-08-04T12:31:59","modified_gmt":"2021-08-04T12:31:59","slug":"a-alemanha","status":"publish","type":"post","link":"https:\/\/albertoguzik.org.br\/index.php\/2006\/06\/09\/a-alemanha\/","title":{"rendered":"A Alemanha"},"content":{"rendered":"<p>Pois \u00e9, a Alemanha. Com os Satyros na Alemanha. Que viagem louca! Que coisa intensa. Agora come\u00e7o a pensar de verdade sobre o que vivi nessas duas semanas de turbilh\u00e3o. E sei que preciso escrever sobre os \u00faltimos dias no Thalia ( 1), sobre nossa apresenta\u00e7\u00e3o no palco da GaussStrasse, n\u00ba 190. E sobre o que foi ver a vers\u00e3o de Andreas Kriegenburg (2)no mesmo espa\u00e7o em que, um dia antes, hav\u00edamos nos apresentado na Alemanha pela \u00faltima vez, para uma casa cheia, sendo ovacionados pela plat\u00e9ia. As emo\u00e7\u00f5es ainda s\u00e3o muito fortes, muito intensas. E lembro que n\u00e3o consegui sair do meu lugar, quando o elenco alem\u00e3o chamou ao palco o elenco paulista da &#8220;Vida&#8221;, essa obra-prima de Dea Loher que gerou duas cria\u00e7\u00f5es opostas e magn\u00edficas, de A.K. e de Rodolfo Garc\u00eda V\u00e1zquez. N\u00e3o fui ao palco n\u00e3o porque n\u00e3o me sentisse merecedor daquele aplauso, que, sabia chegava tamb\u00e9m at\u00e9 mim. N\u00e3o fui ao palco para o agradecimento porque queria testemunhar aquilo da plat\u00e9ia como espectador, como testemunha, pra poder escrever depois sobre os sorrisos estampados nos rostos dos artistas de dois continentes, misterriosamente unidos por uma mesma e maravilhosa obra. Dioniso nos aben\u00e7o\u00f4u nessa viagem. Evo\u00e9.<br \/>\nEscrito por alberto guzik \u00e0s 11h15<\/p>\n<p>1) Thalia Theater \u2013 Sala em Hamburgo onde Dea Leher \u00e9 dramaturga.<br \/>\nhttp:\/\/www.thalia-theater.de\/h\/<\/p>\n<p>2) Andreas Kriegenburg \u2013 Diretor alem\u00e3o. Wikipedia: http:\/\/de.wikipedia.org\/wiki\/Andreas_Kriegenburg<\/p>\n<p>&nbsp;<\/p>\n<p>&nbsp;<\/p>\n","protected":false},"excerpt":{"rendered":"<p>Pois \u00e9, a Alemanha. Com os Satyros na Alemanha. Que viagem louca! Que coisa intensa. Agora come\u00e7o a pensar de verdade sobre o que vivi nessas duas semanas de turbilh\u00e3o. E sei que preciso escrever sobre os \u00faltimos dias no Thalia ( 1), sobre nossa apresenta\u00e7\u00e3o no palco da GaussStrasse, n\u00ba 190. E sobre o que foi ver a vers\u00e3o [&hellip;]<\/p>\n","protected":false},"author":1,"featured_media":52,"comment_status":"open","ping_status":"open","sticky":false,"template":"","format":"standard","meta":{"pgc_sgb_lightbox_settings":"","footnotes":""},"categories":[3],"tags":[],"class_list":["post-51","post","type-post","status-publish","format-standard","has-post-thumbnail","hentry","category-posts"],"_links":{"self":[{"href":"https:\/\/albertoguzik.org.br\/index.php\/wp-json\/wp\/v2\/posts\/51"}],"collection":[{"href":"https:\/\/albertoguzik.org.br\/index.php\/wp-json\/wp\/v2\/posts"}],"about":[{"href":"https:\/\/albertoguzik.org.br\/index.php\/wp-json\/wp\/v2\/types\/post"}],"author":[{"embeddable":true,"href":"https:\/\/albertoguzik.org.br\/index.php\/wp-json\/wp\/v2\/users\/1"}],"replies":[{"embeddable":true,"href":"https:\/\/albertoguzik.org.br\/index.php\/wp-json\/wp\/v2\/comments?post=51"}],"version-history":[{"count":2,"href":"https:\/\/albertoguzik.org.br\/index.php\/wp-json\/wp\/v2\/posts\/51\/revisions"}],"predecessor-version":[{"id":146,"href":"https:\/\/albertoguzik.org.br\/index.php\/wp-json\/wp\/v2\/posts\/51\/revisions\/146"}],"wp:featuredmedia":[{"embeddable":true,"href":"https:\/\/albertoguzik.org.br\/index.php\/wp-json\/wp\/v2\/media\/52"}],"wp:attachment":[{"href":"https:\/\/albertoguzik.org.br\/index.php\/wp-json\/wp\/v2\/media?parent=51"}],"wp:term":[{"taxonomy":"category","embeddable":true,"href":"https:\/\/albertoguzik.org.br\/index.php\/wp-json\/wp\/v2\/categories?post=51"},{"taxonomy":"post_tag","embeddable":true,"href":"https:\/\/albertoguzik.org.br\/index.php\/wp-json\/wp\/v2\/tags?post=51"}],"curies":[{"name":"wp","href":"https:\/\/api.w.org\/{rel}","templated":true}]}}