{"id":273,"date":"2006-12-10T20:22:21","date_gmt":"2006-12-10T20:22:21","guid":{"rendered":"https:\/\/albertoguzik.org.br\/?p=273"},"modified":"2022-05-30T20:23:24","modified_gmt":"2022-05-30T20:23:24","slug":"ricardo-reis","status":"publish","type":"post","link":"https:\/\/albertoguzik.org.br\/index.php\/2006\/12\/10\/ricardo-reis\/","title":{"rendered":"Ricardo Reis"},"content":{"rendered":"<p>Neste domingo quente cinza tristonho de fim de ano, leio Ricardo Reis (1) :<\/p>\n<p>&#8220;Quanto fa\u00e7as, supremamente faze.<br \/>\nMais vale, se a mem\u00f3ria \u00e9 quanto temos,<br \/>\nLembrar muito que pouco.<br \/>\nE se o muito no pouco te \u00e9 poss\u00edvel,<br \/>\nMais ampla liberdade de lembran\u00e7a<br \/>\nTe tornar\u00e1 teu dono.&#8221;<\/p>\n<p>Escrito por Alberto Guzik \u00e0s 10h38<\/p>\n<p>&nbsp;<\/p>\n<p>(1) Ricardo Reis. Um dos heter\u00f4nimos de Fernando Pessoa (1988\/1935), poeta portugu\u00eas. Talvez o maior. Heter\u00f4nimo \u00e9 como se chama cada um dos nomes \u2013 acompanhados por personalidade, identidade art\u00edstica, universo pr\u00f3prio \u2013 com os quais Pessoa assinava sua obra po\u00e9tica.<\/p>\n","protected":false},"excerpt":{"rendered":"<p>Neste domingo quente cinza tristonho de fim de ano, leio Ricardo Reis (1) : &#8220;Quanto fa\u00e7as, supremamente faze. Mais vale, se a mem\u00f3ria \u00e9 quanto temos, Lembrar muito que pouco. E se o muito no pouco te \u00e9 poss\u00edvel, Mais ampla liberdade de lembran\u00e7a Te tornar\u00e1 teu dono.&#8221; Escrito por Alberto Guzik \u00e0s 10h38 &nbsp; (1) Ricardo Reis. Um dos [&hellip;]<\/p>\n","protected":false},"author":1,"featured_media":56,"comment_status":"open","ping_status":"open","sticky":false,"template":"","format":"standard","meta":{"pgc_sgb_lightbox_settings":"","footnotes":""},"categories":[3],"tags":[],"class_list":["post-273","post","type-post","status-publish","format-standard","has-post-thumbnail","hentry","category-posts"],"_links":{"self":[{"href":"https:\/\/albertoguzik.org.br\/index.php\/wp-json\/wp\/v2\/posts\/273"}],"collection":[{"href":"https:\/\/albertoguzik.org.br\/index.php\/wp-json\/wp\/v2\/posts"}],"about":[{"href":"https:\/\/albertoguzik.org.br\/index.php\/wp-json\/wp\/v2\/types\/post"}],"author":[{"embeddable":true,"href":"https:\/\/albertoguzik.org.br\/index.php\/wp-json\/wp\/v2\/users\/1"}],"replies":[{"embeddable":true,"href":"https:\/\/albertoguzik.org.br\/index.php\/wp-json\/wp\/v2\/comments?post=273"}],"version-history":[{"count":1,"href":"https:\/\/albertoguzik.org.br\/index.php\/wp-json\/wp\/v2\/posts\/273\/revisions"}],"predecessor-version":[{"id":274,"href":"https:\/\/albertoguzik.org.br\/index.php\/wp-json\/wp\/v2\/posts\/273\/revisions\/274"}],"wp:featuredmedia":[{"embeddable":true,"href":"https:\/\/albertoguzik.org.br\/index.php\/wp-json\/wp\/v2\/media\/56"}],"wp:attachment":[{"href":"https:\/\/albertoguzik.org.br\/index.php\/wp-json\/wp\/v2\/media?parent=273"}],"wp:term":[{"taxonomy":"category","embeddable":true,"href":"https:\/\/albertoguzik.org.br\/index.php\/wp-json\/wp\/v2\/categories?post=273"},{"taxonomy":"post_tag","embeddable":true,"href":"https:\/\/albertoguzik.org.br\/index.php\/wp-json\/wp\/v2\/tags?post=273"}],"curies":[{"name":"wp","href":"https:\/\/api.w.org\/{rel}","templated":true}]}}