{"id":261,"date":"2006-12-03T14:11:29","date_gmt":"2006-12-03T14:11:29","guid":{"rendered":"https:\/\/albertoguzik.org.br\/?p=261"},"modified":"2022-05-12T14:14:40","modified_gmt":"2022-05-12T14:14:40","slug":"dor","status":"publish","type":"post","link":"https:\/\/albertoguzik.org.br\/index.php\/2006\/12\/03\/dor\/","title":{"rendered":"Dor"},"content":{"rendered":"<p>Diz Gloria Gaynor que &#8216;I&#8217;ll Survive&#8217;, superlativo sucesso que a transformou\u00a0em icone (a m\u00fasica virou um hino gay, com sua letra de supera\u00e7\u00e3o de dificuldades e destro\u00e7amentos), foi escrita a partir de dores nas costas que Miss GG sentia nos anos 80, quando comp\u00f4s a m\u00fasica. Na \u00e9poca em que li\u00a0essa hist\u00f3ria, achei ris\u00edvel. Afinal, a dor de que fala a m\u00fasica tem tanto a ver com abandono e cora\u00e7\u00f5es partidos&#8230;\u00a0Agora estou entendendo. Desde sexta estou com uma dor na lombar, bem na \u00e1rea do ci\u00e1tico, que n\u00e3o vai embora de jeito nenhum. Espero poder dizer, como GG, que tamb\u00e9m sobreviverei. Mas est\u00e1 dif\u00edcil acreditar nisso hoje. De qualquer forma, com dor ou sem, h\u00e1 uma sess\u00e3o de \u201cInoc\u00eancia\u201d a minha espera. E l\u00e1 vou eu. Sempre acho que teatro (arte de forma geral) cura. Quem sabe&#8230;<\/p>\n<p>Escrito por Alberto Guzik \u00e0s 17h22<\/p>\n<p><strong>Nosso livro<\/strong><\/p>\n<p>O lan\u00e7amento de &#8220;Cia. de Teatro Os Satyros: Um Palco Visceral&#8221;, que narra a trajet\u00f3ria da companhia de 1989 at\u00e9 outubro de 2006 est\u00e1 agora definitivamente marcado para o dia 15\/12, sexta-feria, a partir das 19h, no Espa\u00e7o dos Satyros (Pra\u00e7a Roosevelt, 214). A capa, que por alguma raz\u00e3o misteriosa, n\u00e3o consigo trasportar para esta p\u00e1gina, traz uma foto magn\u00edfica de Silvanah Santos, atriz maravilhosa, em &#8220;Cantos de Maldoror&#8221;, de Ivam Cabral, adpta\u00e7\u00e3o do madit\u00edssimo &#8220;Maldoror&#8221; de Lautr\u00e9amont.<\/p>\n<p>Escrito por Alberto Guzik \u00e0s 17h27<\/p>\n<p>&nbsp;<\/p>\n","protected":false},"excerpt":{"rendered":"<p>Diz Gloria Gaynor que &#8216;I&#8217;ll Survive&#8217;, superlativo sucesso que a transformou\u00a0em icone (a m\u00fasica virou um hino gay, com sua letra de supera\u00e7\u00e3o de dificuldades e destro\u00e7amentos), foi escrita a partir de dores nas costas que Miss GG sentia nos anos 80, quando comp\u00f4s a m\u00fasica. Na \u00e9poca em que li\u00a0essa hist\u00f3ria, achei ris\u00edvel. Afinal, a dor de que fala [&hellip;]<\/p>\n","protected":false},"author":1,"featured_media":154,"comment_status":"open","ping_status":"open","sticky":false,"template":"","format":"standard","meta":{"pgc_sgb_lightbox_settings":"","footnotes":""},"categories":[3],"tags":[],"class_list":["post-261","post","type-post","status-publish","format-standard","has-post-thumbnail","hentry","category-posts"],"_links":{"self":[{"href":"https:\/\/albertoguzik.org.br\/index.php\/wp-json\/wp\/v2\/posts\/261"}],"collection":[{"href":"https:\/\/albertoguzik.org.br\/index.php\/wp-json\/wp\/v2\/posts"}],"about":[{"href":"https:\/\/albertoguzik.org.br\/index.php\/wp-json\/wp\/v2\/types\/post"}],"author":[{"embeddable":true,"href":"https:\/\/albertoguzik.org.br\/index.php\/wp-json\/wp\/v2\/users\/1"}],"replies":[{"embeddable":true,"href":"https:\/\/albertoguzik.org.br\/index.php\/wp-json\/wp\/v2\/comments?post=261"}],"version-history":[{"count":1,"href":"https:\/\/albertoguzik.org.br\/index.php\/wp-json\/wp\/v2\/posts\/261\/revisions"}],"predecessor-version":[{"id":262,"href":"https:\/\/albertoguzik.org.br\/index.php\/wp-json\/wp\/v2\/posts\/261\/revisions\/262"}],"wp:featuredmedia":[{"embeddable":true,"href":"https:\/\/albertoguzik.org.br\/index.php\/wp-json\/wp\/v2\/media\/154"}],"wp:attachment":[{"href":"https:\/\/albertoguzik.org.br\/index.php\/wp-json\/wp\/v2\/media?parent=261"}],"wp:term":[{"taxonomy":"category","embeddable":true,"href":"https:\/\/albertoguzik.org.br\/index.php\/wp-json\/wp\/v2\/categories?post=261"},{"taxonomy":"post_tag","embeddable":true,"href":"https:\/\/albertoguzik.org.br\/index.php\/wp-json\/wp\/v2\/tags?post=261"}],"curies":[{"name":"wp","href":"https:\/\/api.w.org\/{rel}","templated":true}]}}