{"id":253,"date":"2006-11-29T13:14:35","date_gmt":"2006-11-29T13:14:35","guid":{"rendered":"https:\/\/albertoguzik.org.br\/?p=253"},"modified":"2022-05-12T13:33:42","modified_gmt":"2022-05-12T13:33:42","slug":"livro-do-bortolotto-1","status":"publish","type":"post","link":"https:\/\/albertoguzik.org.br\/index.php\/2006\/11\/29\/livro-do-bortolotto-1\/","title":{"rendered":"Livro do Bortolotto (1)"},"content":{"rendered":"<p>Essa grande figura que \u00e9 o M\u00e1rio Bortolotto vai lan\u00e7ar livro no Rio. Mandou mail avisando. \u00c9 um escritor muito radical e muito pirado que eu respeito pacas. Se estivesse no Rio, iria. Como n\u00e3o estou, reproduzo o mail do Mari\u00e3o:<br \/>\nRapaziada,<\/p>\n<p>Vou lan\u00e7ar no Rio de Janeiro nesse dia 30\/11 (Quinta-feira) o meu<br \/>\nlivro mais recente, o &#8220;Atire no Dramaturgo&#8221;, uma colet\u00e2nea de textos<br \/>\nextra\u00eddos do meu blog hom\u00f4nimo. Vou aproveitar e levo tamb\u00e9m na mochila<br \/>\nalguns exemplares de meus outros livros que s\u00e3o imposs\u00edveis de encontrar no<br \/>\nRio. S\u00e3o eles : &#8220;Mam\u00e3e n\u00e3o voltou do Supermercado&#8221;, &#8220;Para os Inocentes que<br \/>\nficaram em casa&#8221;, &#8220;Doze Pe\u00e7as de M\u00e1rio Bortolotto&#8221; e &#8220;Bagana na Chuva&#8221;.<\/p>\n<p>Se for poss\u00edvel, apare\u00e7am e se n\u00e3o for pedir muito me ajudem a divulgar nas<br \/>\nlistas de e-mails de voc\u00eas. N\u00e3o conhe\u00e7o muita gente no Rio de Janeiro e<br \/>\ngostaria de contar com a ajuda de meus poucos amigos cariocas.<\/p>\n<p>Valeu mesmo.<\/p>\n<p>O lan\u00e7amento acontece nesta quinta-feira (dia 30\/11) a partir das 20h no Bar<br \/>\nBelmonte do Jardim Bot\u00e2nico &#8211; Rua Jardim Bot\u00e2nico, 617 (Esquina com a Rua<br \/>\nBatista da Costa) Tel : 2239-1649 \/ 2239-4507 \/ 2511-0276<\/p>\n<p>Espero voc\u00eas l\u00e1.<\/p>\n<p>Grande abra\u00e7o. M\u00e1rio Bortolotto.<br \/>\nEscrito por Alberto Guzik \u00e0s 16h52<\/p>\n<p><strong>E o nosso livro<\/strong><\/p>\n<p>J\u00e1 est\u00e1 marcado com ferro e fogo, pedra e cal. O lan\u00e7amento de &#8220;Um Palco Visceral&#8221;, de minha autoria, &#8220;Quatro Textos para um Teatro Veloz&#8221;, de Ivam Cabral, e da biografia da maravilhosa atriz Irene Stef\u00e2nia (1) escrita pelo ator Germano Pereira, todos volumes da cole\u00e7\u00e3o Aplauso, essa maravilhosa iniciativa da Imprensa Oficial, ser\u00e3o lan\u00e7ados no Espa\u00e7o dos Satyros 1, na noite da quinta-feira, dia 14 de dezembro. Est\u00e3o todos convidad\u00edssimos e convocad\u00edssimos. Vai ser uma grande festa pra concluirmos um ano maravilhoso que nos levou para uma fant\u00e1stica viagem com &#8220;A Vida na Pra\u00e7a Roosevelt&#8221; e que se fechou com a estr\u00e9ia dessa estupenda montagem que \u00e9 &#8220;Inoc\u00eancia&#8221;. Vivam os Satyros, viva a pra\u00e7a Roosevelt sonhada pelos Satyros. Evo\u00e9!<br \/>\nEscrito por alberto guzik \u00e0s 16h57<\/p>\n<p>(1) Irene Stef\u00e2nia ( S\u00e3o Paulo, 1948) Estudou filosofia e m\u00fasica . Foi uma das musas do cinema brasileiro nos anos 60 e 70. Passou ent\u00e3o a trabalhar como psic\u00f3loga, sem deixar de fazer alguns filmes esporadicamente. Voltou ao teatro para trabalhar com Os Satyros.<\/p>\n<p><strong>shakespeare (1)sobre o amor<\/strong><\/p>\n<p>Pesquei o poema na rede. N\u00e3o sei de quem \u00e9 a tradu\u00e7\u00e3o. Mas assim que descobrir, credito devidamente. De qualquer forma, a\u00ed vai o soneto. \u00c9 deslumbrante.<br \/>\n&#8220;Como imperfeito ator que em meio \u00e0 cena<br \/>\nO seu papel na indecis\u00e3o recita,<br \/>\nOu como o ser violento em f\u00faria plena<br \/>\nA que o excesso de for\u00e7as debilita;<\/p>\n<p>Tamb\u00e9m eu, sem confian\u00e7a em mim, me esque\u00e7o<br \/>\nNo amor de os ritos pr\u00f3prios recitar,<br \/>\ne na for\u00e7a com que Amo me enfraque\u00e7o<br \/>\nRendido ao peso do poder de Amar.<\/p>\n<p>Oh! sejam pois meus livros a eloqu\u00eancia,<br \/>\n\u00c1ugures mudos do expressivo peito,<br \/>\nQue Amor implorem, pe\u00e7am recompensa,<\/p>\n<p>Mais do que a voz que muito mais tem feito.<br \/>\nSaibas ler o que o mudo amor descreve,<br \/>\nQue o fino Amor ouvir com os olhos deve.&#8221;<br \/>\nEscrito por alberto guzik \u00e0s 18h15<\/p>\n<p>(1) Shakespeare. (Stratford- Upon- Avon 1564 \u2013 London, 1616). Maior dramaturgo da hist\u00f3ria, foi tamb\u00e9m um grande poeta.<\/p>\n","protected":false},"excerpt":{"rendered":"<p>Essa grande figura que \u00e9 o M\u00e1rio Bortolotto vai lan\u00e7ar livro no Rio. Mandou mail avisando. \u00c9 um escritor muito radical e muito pirado que eu respeito pacas. Se estivesse no Rio, iria. Como n\u00e3o estou, reproduzo o mail do Mari\u00e3o: Rapaziada, Vou lan\u00e7ar no Rio de Janeiro nesse dia 30\/11 (Quinta-feira) o meu livro mais recente, o &#8220;Atire no [&hellip;]<\/p>\n","protected":false},"author":1,"featured_media":76,"comment_status":"open","ping_status":"open","sticky":false,"template":"","format":"standard","meta":{"pgc_sgb_lightbox_settings":"","footnotes":""},"categories":[3],"tags":[],"class_list":["post-253","post","type-post","status-publish","format-standard","has-post-thumbnail","hentry","category-posts"],"_links":{"self":[{"href":"https:\/\/albertoguzik.org.br\/index.php\/wp-json\/wp\/v2\/posts\/253"}],"collection":[{"href":"https:\/\/albertoguzik.org.br\/index.php\/wp-json\/wp\/v2\/posts"}],"about":[{"href":"https:\/\/albertoguzik.org.br\/index.php\/wp-json\/wp\/v2\/types\/post"}],"author":[{"embeddable":true,"href":"https:\/\/albertoguzik.org.br\/index.php\/wp-json\/wp\/v2\/users\/1"}],"replies":[{"embeddable":true,"href":"https:\/\/albertoguzik.org.br\/index.php\/wp-json\/wp\/v2\/comments?post=253"}],"version-history":[{"count":1,"href":"https:\/\/albertoguzik.org.br\/index.php\/wp-json\/wp\/v2\/posts\/253\/revisions"}],"predecessor-version":[{"id":254,"href":"https:\/\/albertoguzik.org.br\/index.php\/wp-json\/wp\/v2\/posts\/253\/revisions\/254"}],"wp:featuredmedia":[{"embeddable":true,"href":"https:\/\/albertoguzik.org.br\/index.php\/wp-json\/wp\/v2\/media\/76"}],"wp:attachment":[{"href":"https:\/\/albertoguzik.org.br\/index.php\/wp-json\/wp\/v2\/media?parent=253"}],"wp:term":[{"taxonomy":"category","embeddable":true,"href":"https:\/\/albertoguzik.org.br\/index.php\/wp-json\/wp\/v2\/categories?post=253"},{"taxonomy":"post_tag","embeddable":true,"href":"https:\/\/albertoguzik.org.br\/index.php\/wp-json\/wp\/v2\/tags?post=253"}],"curies":[{"name":"wp","href":"https:\/\/api.w.org\/{rel}","templated":true}]}}