{"id":240,"date":"2006-11-19T06:51:36","date_gmt":"2006-11-19T06:51:36","guid":{"rendered":"https:\/\/albertoguzik.org.br\/?p=240"},"modified":"2022-01-27T14:57:23","modified_gmt":"2022-01-27T14:57:23","slug":"reacoes-a-vida","status":"publish","type":"post","link":"https:\/\/albertoguzik.org.br\/index.php\/2006\/11\/19\/reacoes-a-vida\/","title":{"rendered":"Rea\u00e7\u00f5es \u00e0 &#8220;Vida&#8221;"},"content":{"rendered":"<p>Foi um grande prazer reencontrar Aurora de C\u00f3rdoba e as outras personagens todas da &#8220;Vida na Pra\u00e7a Roosevelt&#8221;, que apresentamos quinta e sexta desta semana no Recife e vamos reapresentar em S\u00e3o Paulo hoje e na pr\u00f3xima quinta, dia 23, \u00e0s 19h30, em sess\u00f5es especiais, fechadas, destinadas ao Teatro Vocacional (1). Estou limpando minha caixa de entrada e nela encontrei esse mail de um espectador, o Rafael Ferro, sobre a &#8220;Vida&#8221;. A mensagem foi mandada para o Ivam, que a repassou para mim, e quis ent\u00e3o deix\u00e1-la registrada aqui no meu blog, para que todos possam ler. \u00c9issa\u00ed.<\/p>\n<p>Oi Ivam&#8230;<br \/>\nBem, primeiramente, quero lhe agradecer por ter me proporcionado, um dos mais belos s\u00e1bados de minha hist\u00f3ria.<br \/>\nPode parecer loucura&#8230;Caralho&#8230;\u00e9 muito mais que isso&#8230;\u00e9 Ekstasis&#8230;\u00e9 du caralho ao quadrado o que senti.<br \/>\nTive a honra de v\u00ea-los (Cia Satyros) em mais um ESPET\u00c1CULO, n\u00e3o&#8230;n\u00e3o&#8230;n\u00e3o foi &#8220;mais um Espet\u00e1culo&#8221;&#8230;<br \/>\nFOI O ESPET\u00c1CULO&#8230;<br \/>\n&#8220;A VIDA NA PRA\u00c7A ROOSEVELT&#8221;, reformulou (nos poucos neur\u00f4nios que tenho) os meus conceitos sobre atua\u00e7\u00e3o.<br \/>\nSobre o Ser Ator.<br \/>\nAl\u00e9m de trabalhar na \u00e1rea (contato publicit\u00e1rio) ligada aos palcos, sou tb. estudante de Artes C\u00eanicas.<br \/>\nSempre que posso estou a\u00ed no Satyros, para os prestigiar; deleitando-me nos \u00f3timos espet\u00e1culos da Cia.<br \/>\nMas com &#8220;A Vida na Pra\u00e7a Roosevelt&#8221; foi diferente.<br \/>\nClaro, que j\u00e1 fui com uma expectativa de surpreender-me; e n\u00e3o foi diferente, ali\u00e1s, foi m\u00e1gico; incr\u00edvel; pois pela primeira vez, vivi a verdadeira magia do Teatro, eu sentia o sentir, o cheirar, me arrepiei, quase que toquei, ao encontrar nos personagens, nos textos, nas express\u00f5es, na trilha, no figurino, no cen\u00e1rio, no conjunto&#8230;o pioneirismo, a ousadia, a verdade e a vida doada em cenas, que por sua vez, me davam tapas na cara.<br \/>\nFoi t\u00e3o louco, e surpreende a experi\u00eancia que tive no dia, que sa\u00ed do Teatro, com medo&#8230;\u00e9&#8230;Medo!!!<br \/>\nPorra!!! O que vcs fizeram comigo?<br \/>\nTive medo.<br \/>\nMedo de ser surpreendido na rua por mendigos;<br \/>\nPor ser abordado pelos traficantes;<br \/>\nPelas Putas;<br \/>\nPelos Travestis;<br \/>\nPelo &#8220;Fof\u00e3o&#8221;, que at\u00e9 ent\u00e3o, n\u00e3o sabia a causa de sua face deformada.<br \/>\nTive medo, de o encontrar, e ver que todos somos iguais, mesmo com nossas diferen\u00e7as;<br \/>\nMedo do Destino&#8230;Medo da Vida Cruel. Da Vida na Pra\u00e7a Roosevelt.<br \/>\nObrigado.<br \/>\nPor abrir meus olhos. Por me fazer ver o valor do Ser Humano.<br \/>\nMe d\u00ea licen\u00e7a.<br \/>\nPreciso continuar ruminar o que comi no s\u00e1bado, dia 19\/08\/2006, a partir das 21:10.<br \/>\nGrato,<br \/>\nRafael Ferro<\/p>\n<p>PS: Por favor, deixa um grande beijo para a Galera do elenco, diga assim pra eles:<br \/>\n&#8220;Vai ser bom assim, na casa d\u00fa Caralho, Porraaaaa&#8230;.Vcs S\u00e3o demais&#8230;Muita Merda Pro C\u00eais&#8230;sempre&#8230;sempre&#8221;.<\/p>\n<p>Escrito por Alberto Guzik \u00e0s 07h36<\/p>\n<p>&nbsp;<\/p>\n<p>(1) Teatro Vocacional. Programa da Secretaria de Cultura do Munic\u00edpio de S\u00e3o Paulo.<br \/>\n<a href=\"http:\/\/www.prefeitura.sp.gov.br\/cidade\/secretarias\/cultura\/dec\/formacao\/vocacional\/\">http:\/\/www.prefeitura.sp.gov.br\/cidade\/secretarias\/cultura\/dec\/formacao\/vocacional\/<\/a><\/p>\n","protected":false},"excerpt":{"rendered":"<p>Foi um grande prazer reencontrar Aurora de C\u00f3rdoba e as outras personagens todas da &#8220;Vida na Pra\u00e7a Roosevelt&#8221;, que apresentamos quinta e sexta desta semana no Recife e vamos reapresentar em S\u00e3o Paulo hoje e na pr\u00f3xima quinta, dia 23, \u00e0s 19h30, em sess\u00f5es especiais, fechadas, destinadas ao Teatro Vocacional (1). Estou limpando minha caixa de entrada e nela encontrei [&hellip;]<\/p>\n","protected":false},"author":1,"featured_media":77,"comment_status":"open","ping_status":"open","sticky":false,"template":"","format":"standard","meta":{"pgc_sgb_lightbox_settings":"","footnotes":""},"categories":[3],"tags":[],"class_list":["post-240","post","type-post","status-publish","format-standard","has-post-thumbnail","hentry","category-posts"],"_links":{"self":[{"href":"https:\/\/albertoguzik.org.br\/index.php\/wp-json\/wp\/v2\/posts\/240"}],"collection":[{"href":"https:\/\/albertoguzik.org.br\/index.php\/wp-json\/wp\/v2\/posts"}],"about":[{"href":"https:\/\/albertoguzik.org.br\/index.php\/wp-json\/wp\/v2\/types\/post"}],"author":[{"embeddable":true,"href":"https:\/\/albertoguzik.org.br\/index.php\/wp-json\/wp\/v2\/users\/1"}],"replies":[{"embeddable":true,"href":"https:\/\/albertoguzik.org.br\/index.php\/wp-json\/wp\/v2\/comments?post=240"}],"version-history":[{"count":1,"href":"https:\/\/albertoguzik.org.br\/index.php\/wp-json\/wp\/v2\/posts\/240\/revisions"}],"predecessor-version":[{"id":241,"href":"https:\/\/albertoguzik.org.br\/index.php\/wp-json\/wp\/v2\/posts\/240\/revisions\/241"}],"wp:featuredmedia":[{"embeddable":true,"href":"https:\/\/albertoguzik.org.br\/index.php\/wp-json\/wp\/v2\/media\/77"}],"wp:attachment":[{"href":"https:\/\/albertoguzik.org.br\/index.php\/wp-json\/wp\/v2\/media?parent=240"}],"wp:term":[{"taxonomy":"category","embeddable":true,"href":"https:\/\/albertoguzik.org.br\/index.php\/wp-json\/wp\/v2\/categories?post=240"},{"taxonomy":"post_tag","embeddable":true,"href":"https:\/\/albertoguzik.org.br\/index.php\/wp-json\/wp\/v2\/tags?post=240"}],"curies":[{"name":"wp","href":"https:\/\/api.w.org\/{rel}","templated":true}]}}