{"id":235,"date":"2006-11-13T18:16:04","date_gmt":"2006-11-13T18:16:04","guid":{"rendered":"https:\/\/albertoguzik.org.br\/?p=235"},"modified":"2022-01-13T18:16:57","modified_gmt":"2022-01-13T18:16:57","slug":"leminski-1","status":"publish","type":"post","link":"https:\/\/albertoguzik.org.br\/index.php\/2006\/11\/13\/leminski-1\/","title":{"rendered":"leminski (1)"},"content":{"rendered":"<p>soprando esse bambu<br \/>\ns\u00f3 tiro<br \/>\no que lhe deu o vento<\/p>\n<p>Escrito por Alberto Guzik \u00e0s 10h40<\/p>\n<p>&nbsp;<\/p>\n<p>(1) Paulo Leminski ( Curitiba, 1944-1989). Escritor, poeta, tradutor, cr\u00edtico liter\u00e1rio, professor. Uma das maiores vozes da poesia brasileira da segunda metade do s\u00e9culo 20, era tamb\u00e9m uma grande personagem. \u00c1lcoolatra, faixa preta de jud\u00f4, extremamente culto, extremamente ir\u00f4nico, filho de pai polon\u00eas com m\u00e3e negra, deixo obra extensa e de excelente qualidade. Foi casado com a tamb\u00e9m poeta Alice Ruiz.<\/p>\n","protected":false},"excerpt":{"rendered":"<p>soprando esse bambu s\u00f3 tiro o que lhe deu o vento Escrito por Alberto Guzik \u00e0s 10h40 &nbsp; (1) Paulo Leminski ( Curitiba, 1944-1989). Escritor, poeta, tradutor, cr\u00edtico liter\u00e1rio, professor. Uma das maiores vozes da poesia brasileira da segunda metade do s\u00e9culo 20, era tamb\u00e9m uma grande personagem. \u00c1lcoolatra, faixa preta de jud\u00f4, extremamente culto, extremamente ir\u00f4nico, filho de pai [&hellip;]<\/p>\n","protected":false},"author":1,"featured_media":31,"comment_status":"open","ping_status":"open","sticky":false,"template":"","format":"standard","meta":{"pgc_sgb_lightbox_settings":"","footnotes":""},"categories":[3],"tags":[],"class_list":["post-235","post","type-post","status-publish","format-standard","has-post-thumbnail","hentry","category-posts"],"_links":{"self":[{"href":"https:\/\/albertoguzik.org.br\/index.php\/wp-json\/wp\/v2\/posts\/235"}],"collection":[{"href":"https:\/\/albertoguzik.org.br\/index.php\/wp-json\/wp\/v2\/posts"}],"about":[{"href":"https:\/\/albertoguzik.org.br\/index.php\/wp-json\/wp\/v2\/types\/post"}],"author":[{"embeddable":true,"href":"https:\/\/albertoguzik.org.br\/index.php\/wp-json\/wp\/v2\/users\/1"}],"replies":[{"embeddable":true,"href":"https:\/\/albertoguzik.org.br\/index.php\/wp-json\/wp\/v2\/comments?post=235"}],"version-history":[{"count":1,"href":"https:\/\/albertoguzik.org.br\/index.php\/wp-json\/wp\/v2\/posts\/235\/revisions"}],"predecessor-version":[{"id":236,"href":"https:\/\/albertoguzik.org.br\/index.php\/wp-json\/wp\/v2\/posts\/235\/revisions\/236"}],"wp:featuredmedia":[{"embeddable":true,"href":"https:\/\/albertoguzik.org.br\/index.php\/wp-json\/wp\/v2\/media\/31"}],"wp:attachment":[{"href":"https:\/\/albertoguzik.org.br\/index.php\/wp-json\/wp\/v2\/media?parent=235"}],"wp:term":[{"taxonomy":"category","embeddable":true,"href":"https:\/\/albertoguzik.org.br\/index.php\/wp-json\/wp\/v2\/categories?post=235"},{"taxonomy":"post_tag","embeddable":true,"href":"https:\/\/albertoguzik.org.br\/index.php\/wp-json\/wp\/v2\/tags?post=235"}],"curies":[{"name":"wp","href":"https:\/\/api.w.org\/{rel}","templated":true}]}}