{"id":231,"date":"2006-10-30T11:42:43","date_gmt":"2006-10-30T11:42:43","guid":{"rendered":"https:\/\/albertoguzik.org.br\/?p=231"},"modified":"2021-11-30T20:43:46","modified_gmt":"2021-11-30T20:43:46","slug":"votei-nulo","status":"publish","type":"post","link":"https:\/\/albertoguzik.org.br\/index.php\/2006\/10\/30\/votei-nulo\/","title":{"rendered":"Votei nulo"},"content":{"rendered":"<p>Em 44 anos de vida de eleitor brasileiro, pela primeira vez, ontem, votei nulo. E me senti bem por isso. Decidi que n\u00e3o queria mais do mesmo de um lado nem de outro. Lula decepcionou-me. Talvez porque tivesse esperado que ele realmente fizesse uma diferen\u00e7a no governo. N\u00e3o fez. Sei que perto do grupo circundante de FHC e da sua farra bilion\u00e1ria das privatiza\u00e7\u00f5es, todas as falcatruas da turma pr\u00f3xima de Lula parecem coisa de colegiais, de aprendizes. Mas Lula ficou t\u00e3o longe do que eu ansiava, que seria muita hipocrisia votar nele s\u00f3 porque n\u00e3o concordo com as id\u00e9ias e o modus operandi de Geraldo Alckmin. Ent\u00e3o decidi votar nulo. Aconte\u00e7a o que acontecer nos pr\u00f3ximos anos, n\u00e3o ter\u00e1 sido com meu voto, n\u00e3o ter\u00e1 sido com meu aval. Respirei mais aliviado depois que tomei essa decis\u00e3o. Nem durante o governo militar, nem na farra do boi que foi a Rep\u00fablica Nova tive a tenta\u00e7\u00e3o de anular meu voto. Desta vez foi o contr\u00e1rio. Percebi quer n\u00e3o poderia fazer outra coisa. Minha postura nada tem a ver com partidos. No primeiro turno n\u00e3o votei em legendas, mas em pessoas nas quais acreditava. Felizmente, com exce\u00e7\u00e3o do meu candidado a presidente, CB (1), meus outros escolhidos foram eleitos. Foi um voto Frankenstein o meu. Votei em gente do PT, do PSB e do PSDB. Que salada, hein? Mas ontem n\u00e3o havia como fazer salada. E preferi ficar de fora dessa. Que l\u00e1stima, anular o voto por n\u00e3o acreditar mais nos candidatos. Fiquei triste.<\/p>\n<p>Escrito por Alberto Guzik \u00e0s 14h12<\/p>\n<p>(1) CB- Crist\u00f3v\u00e3o Buarque. ( Recife, 1944) Pol\u00edtico, \u00e9 Senador pelo Distrito Federal. Foi Ministro da Educa\u00e7\u00e3o durante o in\u00edcio do primeiro governo Lula. Candidato a Presid\u00eancia, sua campanha era quase monotem\u00e1tica: a Educa\u00e7\u00e3o seria a grande bandeira de seu poss\u00edvel governo.<\/p>\n","protected":false},"excerpt":{"rendered":"<p>Em 44 anos de vida de eleitor brasileiro, pela primeira vez, ontem, votei nulo. E me senti bem por isso. Decidi que n\u00e3o queria mais do mesmo de um lado nem de outro. Lula decepcionou-me. Talvez porque tivesse esperado que ele realmente fizesse uma diferen\u00e7a no governo. N\u00e3o fez. Sei que perto do grupo circundante de FHC e da sua [&hellip;]<\/p>\n","protected":false},"author":1,"featured_media":22,"comment_status":"open","ping_status":"open","sticky":false,"template":"","format":"standard","meta":{"pgc_sgb_lightbox_settings":"","footnotes":""},"categories":[3],"tags":[],"class_list":["post-231","post","type-post","status-publish","format-standard","has-post-thumbnail","hentry","category-posts"],"_links":{"self":[{"href":"https:\/\/albertoguzik.org.br\/index.php\/wp-json\/wp\/v2\/posts\/231"}],"collection":[{"href":"https:\/\/albertoguzik.org.br\/index.php\/wp-json\/wp\/v2\/posts"}],"about":[{"href":"https:\/\/albertoguzik.org.br\/index.php\/wp-json\/wp\/v2\/types\/post"}],"author":[{"embeddable":true,"href":"https:\/\/albertoguzik.org.br\/index.php\/wp-json\/wp\/v2\/users\/1"}],"replies":[{"embeddable":true,"href":"https:\/\/albertoguzik.org.br\/index.php\/wp-json\/wp\/v2\/comments?post=231"}],"version-history":[{"count":1,"href":"https:\/\/albertoguzik.org.br\/index.php\/wp-json\/wp\/v2\/posts\/231\/revisions"}],"predecessor-version":[{"id":232,"href":"https:\/\/albertoguzik.org.br\/index.php\/wp-json\/wp\/v2\/posts\/231\/revisions\/232"}],"wp:featuredmedia":[{"embeddable":true,"href":"https:\/\/albertoguzik.org.br\/index.php\/wp-json\/wp\/v2\/media\/22"}],"wp:attachment":[{"href":"https:\/\/albertoguzik.org.br\/index.php\/wp-json\/wp\/v2\/media?parent=231"}],"wp:term":[{"taxonomy":"category","embeddable":true,"href":"https:\/\/albertoguzik.org.br\/index.php\/wp-json\/wp\/v2\/categories?post=231"},{"taxonomy":"post_tag","embeddable":true,"href":"https:\/\/albertoguzik.org.br\/index.php\/wp-json\/wp\/v2\/tags?post=231"}],"curies":[{"name":"wp","href":"https:\/\/api.w.org\/{rel}","templated":true}]}}