{"id":227,"date":"2006-10-15T11:29:35","date_gmt":"2006-10-15T11:29:35","guid":{"rendered":"https:\/\/albertoguzik.org.br\/?p=227"},"modified":"2021-11-30T20:39:11","modified_gmt":"2021-11-30T20:39:11","slug":"franco","status":"publish","type":"post","link":"https:\/\/albertoguzik.org.br\/index.php\/2006\/10\/15\/franco\/","title":{"rendered":"Franco"},"content":{"rendered":"<p>H\u00e1 muitas vidas atr\u00e1s ele foi um talentoso aluno meu na Escola de Arte Dram\u00e1tica. E depois se tornou um compositor danado de bom, eita, como diria meu amigo Marcelino Freire.<br \/>\n&#8220;Viver \u00e9 afinar o intrumento\/De dentro pra fora, de fora pra dentro. A toda hora, a todo momento, de dentro pra fora, de fora pra dentro. O importante \u00e9 manter a mente quieta, a coluna ereta e o cora\u00e7\u00e3o tranquilo&#8221;, canta ele, Walter Franco (1) , um sabio criador.<br \/>\nEscrito por Alberto Guzik \u00e0s 16h01<\/p>\n<p>(1) Walter Franco (S\u00e3o Paulo, 1945). M\u00fasico, compositor, cantor. Muito pessoal e sempre na vanguarda, tem uma carreira bissexta: at\u00e9 hoje s\u00f3 gravou 6 discos.<\/p>\n<p>&nbsp;<\/p>\n<p><strong>Entra Inoc\u00eancia<\/strong><\/p>\n<p>Vamos entrar em cena hoje. Domingo. Para convidados e amigos. Daqui a pouco. Estou tremendo. O espet\u00e1culo \u00e9 dific\u00edlimo. Somos atores e contra-regras. Exigidos ao m\u00e1ximo nas duas fun\u00e7\u00f5es. \u00c9 arrebatador o resultado do trabalho de Rodolfo V\u00e1zquez e de toda a equipe que criou \u201cInoc\u00eancia\u201d, texto magn\u00edfico de Dea Loher. Uma viagem visual de resultados surpreendentes e ousados, que traduz com muita energia a viagem terr\u00edvel empreendida pela dramaturga. Avalio o que aprendi nesse processo. Antes de mais nada, ter de perceber o conjunto, al\u00e9m do meu pr\u00f3prio umbigo, isto \u00e9, da(s) personagem(ns) que tenho de interpretar. \u00c9 preciso operar instrumentos, abrir ou fechar cortinas, mudar o cen\u00e1rio, com uma precis\u00e3o de cujo ajuste depende o ritmo do espet\u00e1culo. E ao mesmo tempo em que os atores pilotam manualmente toda a parafern\u00e1lia t\u00eam de estar dispon\u00edveis para um texto complexo, em que v\u00e1rios n\u00edveis de narrativa se superp\u00f5em. O texto \u00e9 cruel e amargo. E levei muito tempo para perceber o quanto estou apaixonado por ele, por esse trabalho, por esse elenco. Se j\u00e1 existiu um espet\u00e1culo onde o protagonista \u00e9 exatamente o conjunto do elenco, e n\u00e3o um nome individual secundado por outros, esse \u00e9 \u201cInoc\u00eancia\u201d. Me delicio ao ver em cena os desempenhos afiad\u00edssimos dessa trupe incr\u00edvel. Fico observando dos bastidores ou em cena os imigrantes Fadul e El\u00edsio (Ivam e Fabiano), a stripper cega Absoluta (Cl\u00e9o), a culpad\u00edssima sra. Habersatt (\u00c2ngela), a Zucker (Suri), m\u00e3e opressora da trist\u00edssima Rosa (Nora) e sogra do necr\u00f3filo Franz (Laerte), a fil\u00f3sofa em crise Ella (Silvanah), o pai da filha assassinada (Rui), os intensos e arrebatados suicidas (Tati e Dani), a figura estranha do anjo da morte que mais parece uma vedete do velho teatro de revista (Phedra) e fico certo de que esse grupo forma neste momento um conjunto, uma unidade que na totalidade protagoniza \u201cInoc\u00eancia\u201d. Muito me orgulho de participar do grupo na pele de Helmut, o calado joalheiro casado com Ella. Agora tchau. Estou indo pro teatro. Evo\u00e9. Merda!<br \/>\nE se posso desejar, que um pouco da energia e da adrenalina dionis\u00edacas que circundam o Espa\u00e7o dos Satyros neste momento de intensa cria\u00e7\u00e3o alcancem uma velhinha muito velhinha que eu amo e que tem estado bem doente.<\/p>\n<p>Escrito por Alberto Guzik \u00e0s 16h54<\/p>\n<p>&nbsp;<\/p>\n<p><strong>Falas de &#8220;Inoc\u00eancia&#8221;<\/strong><\/p>\n<p>&#8220;T\u00e3o simples podia ser a vida.&#8221;<br \/>\n&#8220;Eu queria tanto trabalhar em um posto de gasolina!&#8221;<br \/>\n&#8220;J\u00e1 te disse hoje o quanto te odeio?&#8221;<br \/>\n&#8220;Eu vi a mulher quando ia para a \u00e1gua.&#8221;<\/p>\n<p>Escrito por Alberto Guzik \u00e0s 17h07<\/p>\n<p>&nbsp;<\/p>\n","protected":false},"excerpt":{"rendered":"<p>H\u00e1 muitas vidas atr\u00e1s ele foi um talentoso aluno meu na Escola de Arte Dram\u00e1tica. E depois se tornou um compositor danado de bom, eita, como diria meu amigo Marcelino Freire. &#8220;Viver \u00e9 afinar o intrumento\/De dentro pra fora, de fora pra dentro. A toda hora, a todo momento, de dentro pra fora, de fora pra dentro. O importante \u00e9 [&hellip;]<\/p>\n","protected":false},"author":1,"featured_media":32,"comment_status":"open","ping_status":"open","sticky":false,"template":"","format":"standard","meta":{"pgc_sgb_lightbox_settings":"","footnotes":""},"categories":[3],"tags":[],"class_list":["post-227","post","type-post","status-publish","format-standard","has-post-thumbnail","hentry","category-posts"],"_links":{"self":[{"href":"https:\/\/albertoguzik.org.br\/index.php\/wp-json\/wp\/v2\/posts\/227"}],"collection":[{"href":"https:\/\/albertoguzik.org.br\/index.php\/wp-json\/wp\/v2\/posts"}],"about":[{"href":"https:\/\/albertoguzik.org.br\/index.php\/wp-json\/wp\/v2\/types\/post"}],"author":[{"embeddable":true,"href":"https:\/\/albertoguzik.org.br\/index.php\/wp-json\/wp\/v2\/users\/1"}],"replies":[{"embeddable":true,"href":"https:\/\/albertoguzik.org.br\/index.php\/wp-json\/wp\/v2\/comments?post=227"}],"version-history":[{"count":1,"href":"https:\/\/albertoguzik.org.br\/index.php\/wp-json\/wp\/v2\/posts\/227\/revisions"}],"predecessor-version":[{"id":228,"href":"https:\/\/albertoguzik.org.br\/index.php\/wp-json\/wp\/v2\/posts\/227\/revisions\/228"}],"wp:featuredmedia":[{"embeddable":true,"href":"https:\/\/albertoguzik.org.br\/index.php\/wp-json\/wp\/v2\/media\/32"}],"wp:attachment":[{"href":"https:\/\/albertoguzik.org.br\/index.php\/wp-json\/wp\/v2\/media?parent=227"}],"wp:term":[{"taxonomy":"category","embeddable":true,"href":"https:\/\/albertoguzik.org.br\/index.php\/wp-json\/wp\/v2\/categories?post=227"},{"taxonomy":"post_tag","embeddable":true,"href":"https:\/\/albertoguzik.org.br\/index.php\/wp-json\/wp\/v2\/tags?post=227"}],"curies":[{"name":"wp","href":"https:\/\/api.w.org\/{rel}","templated":true}]}}