{"id":222,"date":"2006-09-27T11:59:49","date_gmt":"2006-09-27T11:59:49","guid":{"rendered":"https:\/\/albertoguzik.org.br\/?p=222"},"modified":"2021-10-27T20:01:28","modified_gmt":"2021-10-27T20:01:28","slug":"para-o-programa-de-inocencia","status":"publish","type":"post","link":"https:\/\/albertoguzik.org.br\/index.php\/2006\/09\/27\/para-o-programa-de-inocencia\/","title":{"rendered":"Para o programa de &#8220;Inoc\u00eancia&#8221;"},"content":{"rendered":"<p>Escrevi o texto abaixo para o programa de &#8220;Inoc\u00eancia&#8221;, de Dea Loher, que vamos estrear nos Satyros 1 no dia 19\/10. Haver\u00e1 um ensaio aberto no dia 13\/10. Estou muito ansioso e muito apaixonado pelo novo espet\u00e1culo. Espero que todos saiam do teatro t\u00e3o impressionados, envolvidos e tocados, como estamos n\u00f3s, artistas integrantes do projeto.<br \/>\n\u201cInoc\u00eancia\u201d<\/p>\n<p>Est\u00e1 perto a estreia. Muitos s\u00e3o os medos. O espet\u00e1culo \u00e9 desafiador. Tanto quanto o texto de Dea. Rodolfo \u00e9 um diretor consistente, l\u00f3gico e ousado. Dialoga com a obra e com seus atores e desse tri\u00e2ngulo de conversas vai forjando a identidade da encena\u00e7\u00e3o. Dezenas de improvisa\u00e7\u00f5es resultam nas linhas mestras. Busca sempre o n\u00e3o trilhado. Cria uma encena\u00e7\u00e3o de perspectivas tortas. Multim\u00eddia e artesanal. Uma montagem complicad\u00edssima para o elenco. Al\u00e9m do palco h\u00e1 os bastidores. A opera\u00e7\u00e3o do cen\u00e1rio, das cortinas, do projetor de v\u00eddeo, do retroprojetor, o transporte dos equipamentos para dentro e para fora do palco. Lamento que a plateia n\u00e3o possa ver a coreografia alucinada e magn\u00edfica que acontece na coxia. \u201cInoc\u00eancia\u201d. De novo hist\u00f3rias que se cruzam, \u00e0 maneira de \u201cA Vida na Pra\u00e7a Roosevelt\u201d. Mas um outro universo que se desvenda. Ideias \u00e0 deriva, gente infeliz, culpada, frustrada, autodestrutiva. Tudo isso plasmado pela poesia poderosa de Dea Loher, a poeta do abismo, que v\u00ea luz, e humor, nos tempos escuros em que vivemos. Do elenco coeso, o mesmo da \u201cPra\u00e7a Roosevelt\u201d, mais Silvanah Santos (1) e Rui Xavier (2) , temos uma disponibilidade para o mergulho, o risco, que s\u00f3 o trabalho em continuidade proporciona. Neste momento, a trupe de \u201cInoc\u00eancia\u201d \u00e9 forte e sintonizada. N\u00e3o poderia ser de outra forma. A \u201cInoc\u00eancia\u201d de Rodolfo \u00e9 o espet\u00e1culo mais coletivo que se pode imaginar. Nos meus muitos anos de teatro, nunca atuei em (e poucas vezes vi) um trabalho onde tudo dependesse tanto de todos. Temos muita coisa a fazer ainda, antes de abrir as portas para o p\u00fablico. Mas no fim toda a adrenalina ter\u00e1 valido. J\u00e1 se pode sentir que a poesia do espet\u00e1culo que est\u00e1 nascendo, equivalente \u00e0 da pe\u00e7a, promete tornar a montagem uma experi\u00eancia empolgante e \u00fanica. De inquietante beleza. Sejam bem vindos a mais esta aventura \u00fanica: \u201cInoc\u00eancia\u201d.<\/p>\n<p>Escrito por Alberto Guzik \u00e0s 12h15<\/p>\n<p>&nbsp;<\/p>\n","protected":false},"excerpt":{"rendered":"<p>Escrevi o texto abaixo para o programa de &#8220;Inoc\u00eancia&#8221;, de Dea Loher, que vamos estrear nos Satyros 1 no dia 19\/10. Haver\u00e1 um ensaio aberto no dia 13\/10. Estou muito ansioso e muito apaixonado pelo novo espet\u00e1culo. Espero que todos saiam do teatro t\u00e3o impressionados, envolvidos e tocados, como estamos n\u00f3s, artistas integrantes do projeto. \u201cInoc\u00eancia\u201d Est\u00e1 perto a estreia. [&hellip;]<\/p>\n","protected":false},"author":1,"featured_media":217,"comment_status":"open","ping_status":"open","sticky":false,"template":"","format":"standard","meta":{"pgc_sgb_lightbox_settings":"","footnotes":""},"categories":[3],"tags":[],"class_list":["post-222","post","type-post","status-publish","format-standard","has-post-thumbnail","hentry","category-posts"],"_links":{"self":[{"href":"https:\/\/albertoguzik.org.br\/index.php\/wp-json\/wp\/v2\/posts\/222"}],"collection":[{"href":"https:\/\/albertoguzik.org.br\/index.php\/wp-json\/wp\/v2\/posts"}],"about":[{"href":"https:\/\/albertoguzik.org.br\/index.php\/wp-json\/wp\/v2\/types\/post"}],"author":[{"embeddable":true,"href":"https:\/\/albertoguzik.org.br\/index.php\/wp-json\/wp\/v2\/users\/1"}],"replies":[{"embeddable":true,"href":"https:\/\/albertoguzik.org.br\/index.php\/wp-json\/wp\/v2\/comments?post=222"}],"version-history":[{"count":1,"href":"https:\/\/albertoguzik.org.br\/index.php\/wp-json\/wp\/v2\/posts\/222\/revisions"}],"predecessor-version":[{"id":223,"href":"https:\/\/albertoguzik.org.br\/index.php\/wp-json\/wp\/v2\/posts\/222\/revisions\/223"}],"wp:featuredmedia":[{"embeddable":true,"href":"https:\/\/albertoguzik.org.br\/index.php\/wp-json\/wp\/v2\/media\/217"}],"wp:attachment":[{"href":"https:\/\/albertoguzik.org.br\/index.php\/wp-json\/wp\/v2\/media?parent=222"}],"wp:term":[{"taxonomy":"category","embeddable":true,"href":"https:\/\/albertoguzik.org.br\/index.php\/wp-json\/wp\/v2\/categories?post=222"},{"taxonomy":"post_tag","embeddable":true,"href":"https:\/\/albertoguzik.org.br\/index.php\/wp-json\/wp\/v2\/tags?post=222"}],"curies":[{"name":"wp","href":"https:\/\/api.w.org\/{rel}","templated":true}]}}