{"id":198,"date":"2006-07-27T18:35:29","date_gmt":"2006-07-27T18:35:29","guid":{"rendered":"https:\/\/albertoguzik.org.br\/?p=198"},"modified":"2021-10-05T13:37:52","modified_gmt":"2021-10-05T13:37:52","slug":"operacao","status":"publish","type":"post","link":"https:\/\/albertoguzik.org.br\/index.php\/2006\/07\/27\/operacao\/","title":{"rendered":"opera\u00e7\u00e3o"},"content":{"rendered":"<p>uma cirurgia de quase tr\u00eas horas, um monte de pontos na boca, rosto inchado, como se eu tivesse ficado com caxumba (cachumba, acho que n\u00e3o \u00e9, n\u00e9?), dor, montes de rem\u00e9dios, dias como um zumbi. e depois se espantam porque penso que a odontologia (e a medicina tamb\u00e9m) n\u00e3o saiu ainda da idade m\u00e9dia.<br \/>\np.s. ainda bem que meu dentista n\u00e3o \u00e9 blogueiro. n\u00e3o quero ofender o cara. mas que odontologia \u00e9 um tro\u00e7o com tra\u00e7os medievalizantes, isso \u00e9.<\/p>\n<p>Escrito por Alberto Guzik \u00e0s 18h25<\/p>\n<p>&nbsp;<\/p>\n<p><strong>&#8216;risadas gravadas&#8217;<\/strong><\/p>\n<p>o espet\u00e1culo est\u00e1 quase pronto. os meninos est\u00e3o dando o m\u00e1ximo. ser\u00e1 mais um trabalho meu emoldurado por uma caixa preta. parece que s\u00f3 fa\u00e7o isso. &#8216;o encontro das \u00e1guas&#8217;, &#8216;o c\u00e9u \u00e9 cheio de uivos&#8217;, &#8216;rua taylor&#8217;, &#8216;de alma lavada&#8217; (1) e agora &#8216;risadas gravadas&#8217;. gosto desse d\u00ed\u00e1logo com o negrume circundante. \u00e9 t\u00e3o teatral. o trabalho da equipe me encanta. e o texto do robino a cada dia parece mais sacador e inteligente. patr\u00edcia e j\u00falio c\u00easar est\u00e3o excelentes! estou feliz. apesar da boca. a estr\u00e9ia \u00e9 no s\u00e1bado, 5 de agosto, no satyros 1, \u00e0s 19h, com a presen\u00e7a do autor, que vem da argentina conferir o que a gente aprontou com a pe\u00e7a dele. que meda.<\/p>\n<p>Escrito por Alberto Guzik \u00e0s 18h35<\/p>\n<p>(1) Textos dirigidos por Alberto Guzik.<\/p>\n<p>&nbsp;<\/p>\n","protected":false},"excerpt":{"rendered":"<p>uma cirurgia de quase tr\u00eas horas, um monte de pontos na boca, rosto inchado, como se eu tivesse ficado com caxumba (cachumba, acho que n\u00e3o \u00e9, n\u00e9?), dor, montes de rem\u00e9dios, dias como um zumbi. e depois se espantam porque penso que a odontologia (e a medicina tamb\u00e9m) n\u00e3o saiu ainda da idade m\u00e9dia. p.s. ainda bem que meu dentista [&hellip;]<\/p>\n","protected":false},"author":1,"featured_media":85,"comment_status":"open","ping_status":"open","sticky":false,"template":"","format":"standard","meta":{"pgc_sgb_lightbox_settings":"","footnotes":""},"categories":[3],"tags":[],"class_list":["post-198","post","type-post","status-publish","format-standard","has-post-thumbnail","hentry","category-posts"],"_links":{"self":[{"href":"https:\/\/albertoguzik.org.br\/index.php\/wp-json\/wp\/v2\/posts\/198"}],"collection":[{"href":"https:\/\/albertoguzik.org.br\/index.php\/wp-json\/wp\/v2\/posts"}],"about":[{"href":"https:\/\/albertoguzik.org.br\/index.php\/wp-json\/wp\/v2\/types\/post"}],"author":[{"embeddable":true,"href":"https:\/\/albertoguzik.org.br\/index.php\/wp-json\/wp\/v2\/users\/1"}],"replies":[{"embeddable":true,"href":"https:\/\/albertoguzik.org.br\/index.php\/wp-json\/wp\/v2\/comments?post=198"}],"version-history":[{"count":1,"href":"https:\/\/albertoguzik.org.br\/index.php\/wp-json\/wp\/v2\/posts\/198\/revisions"}],"predecessor-version":[{"id":199,"href":"https:\/\/albertoguzik.org.br\/index.php\/wp-json\/wp\/v2\/posts\/198\/revisions\/199"}],"wp:featuredmedia":[{"embeddable":true,"href":"https:\/\/albertoguzik.org.br\/index.php\/wp-json\/wp\/v2\/media\/85"}],"wp:attachment":[{"href":"https:\/\/albertoguzik.org.br\/index.php\/wp-json\/wp\/v2\/media?parent=198"}],"wp:term":[{"taxonomy":"category","embeddable":true,"href":"https:\/\/albertoguzik.org.br\/index.php\/wp-json\/wp\/v2\/categories?post=198"},{"taxonomy":"post_tag","embeddable":true,"href":"https:\/\/albertoguzik.org.br\/index.php\/wp-json\/wp\/v2\/tags?post=198"}],"curies":[{"name":"wp","href":"https:\/\/api.w.org\/{rel}","templated":true}]}}