{"id":196,"date":"2006-07-23T10:00:32","date_gmt":"2006-07-23T10:00:32","guid":{"rendered":"https:\/\/albertoguzik.org.br\/?p=196"},"modified":"2021-10-05T13:07:38","modified_gmt":"2021-10-05T13:07:38","slug":"guarnieri","status":"publish","type":"post","link":"https:\/\/albertoguzik.org.br\/index.php\/2006\/07\/23\/guarnieri\/","title":{"rendered":"guarnieri"},"content":{"rendered":"<p>triste semana pro teatro. ontem foi-se guarnieri. outro grande. como dramaturgo nos anos 50-70. como ator, sempre. poucas vezes vi algu\u00e9m t\u00e3o \u00e0 vontade em cena. tive o privil\u00e9gio de ver guarnieri em &#8216;eles n\u00e3o usam black-tie&#8217; duas vezes, como o filho, no fim dos anos 50, e como o pai, no filme de herzog. a montagem j\u00e1 se foi. ficou s\u00f3 a mem\u00f3ria do magn\u00edfico ator. mas o filme ainda est\u00e1 a\u00ed, pra provar o que falo. que magn\u00edfica figura, gianfrancesco guarnieri. o teatro brasileiro agradece.<\/p>\n<p>Escrito por Alberto Guzik \u00e0s 10h13<\/p>\n<p>(1) Gianfrancesco Guarnieri \u2013 Teatrop\u00e9dia<br \/>\n(2) <a href=\"https:\/\/pt.wikipedia.org\/wiki\/Eles_N%C3%A3o_Usam_Black-tie_(filme)\">Eles N\u00e3o Usam Black-Tie \u2013 Enciclop\u00e9dia Ita\u00fa<\/a><br \/>\n3) Aqui, Guzik comete um pequeno erro. O filme, de 1981, n\u00e3o foi dirigido por Werner Herzog, e sim por Leon Hirszman. Wikip\u00e9dia: <a href=\"http:\/\/pt.wikipedia.org\/wiki\/Eles_n\u00e3o_Usam_Black-tie_(filme)\">http:\/\/pt.wikipedia.org\/wiki\/Eles_n\u00e3o_Usam_Black-tie_(filme)<\/a><\/p>\n<p>&nbsp;<\/p>\n<p><strong>Ivam em processo<\/strong><\/p>\n<p>Ele \u00e9 um furac\u00e3o. Quem v\u00ea Ivam atento, sol\u00edcito, gentil com todo mundo, no bar dos Satyros e nos arredores do teatro, n\u00e3o \u00e9 capaz de imaginar como ele se transforma quando entra em ensaios. Um dos int\u00e9rpretes mais sens\u00edveis que eu j\u00e1 conheci, Ivam coloca toda sua arg\u00facia a servi\u00e7o do processo de cria\u00e7\u00e3o. Temos trabalhado juntos intensamente desde janeiro de 2004. Ainda n\u00e3o o dirigi, nem vice-versa. Mas atuamos juntos em \u2018Kaspar\u2019, \u2018Transex\u2019, \u2018A Vida na Pra\u00e7a Roosevelt\u2019, ele fez a trilha sonora de minhas encena\u00e7\u00f5es \u2018O C\u00e9u \u00e9 Cheio de Uivos, Latidos e F\u00faria\u2019 e \u2018De Alma Lavada\u2019. Agora estamos juntos no elenco de \u2018Inoc\u00eancia\u2019.<\/p>\n<p>Ivam \u00e9 movido pela paix\u00e3o. Suas emo\u00e7\u00f5es indicam o caminho que vai percorrer. Mas se engana quem imaginar que esse artista \u00e9 um irracional apaixonado que vaga feito figura de trag\u00e9dia rom\u00e2ntica pelos corredores dos Satyros. Ao contr\u00e1rio. Ivam mescla a paix\u00e3o, a paix\u00e3o com que defende seus pontos de vista, a paix\u00e3o com que pesquisa elementos para uma personagem ou sons para uma trilha sonora, com um permanente exerc\u00edcio de cr\u00edtica extremamente racional do processo de trabalho. Sempre quer mais. Sempre deseja o n\u00e3o visto, o n\u00e3o feito. \u00c9 um radical que n\u00e3o se contenta com pouco. Sempre aponta as contradi\u00e7\u00f5es, as frinchas, as frestas do pensamento, do conceito em discuss\u00e3o. E n\u00e3o tem medo de ousar, de enlouquecer, de imaginar com energia e intensidade. E, como indicam suas trilhas sonoras (a de \u201cA Vida na Pra\u00e7a Roosevelt\u201d \u00e9 uma obra de mestre), procura por climas harm\u00f4nicos dissonantes, estranhos, pouco usuais. O resultado \u00e9 sempre surpreendente, dialoga com o espet\u00e1culo de forma intensa e reveladora.<\/p>\n<p>Como ator, Ivam procede da mesma maneira. Est\u00e1 o tempo todo em busca do desafio, do desconhecido. \u00c9 um ator camale\u00e3o. B\u00e1rbara, Dolmanc\u00e9, Mirador, Kaspar, Teresa de \u00c1vila, Oscar Wilde, para citar s\u00f3 algumas atua\u00e7\u00f5es recentes, s\u00e3o cria\u00e7\u00f5es extraordin\u00e1rias, cada uma com seu c\u00f3digo, com seu desenho visual n\u00edtido, seu tra\u00e7ado gestual preciso, exaustivamente pesquisado. E agora vem a\u00ed Fadoul, o protagonista de Inoc\u00eancia. Testemunhar Ivam em constru\u00e7\u00e3o \u00e9 aprender at\u00e9 onde um ator deve ir: sempre al\u00e9m de seus limites.<\/p>\n<p>Escrito por Alberto Guzik \u00e0s 11h04<\/p>\n<p>&nbsp;<\/p>\n","protected":false},"excerpt":{"rendered":"<p>triste semana pro teatro. ontem foi-se guarnieri. outro grande. como dramaturgo nos anos 50-70. como ator, sempre. poucas vezes vi algu\u00e9m t\u00e3o \u00e0 vontade em cena. tive o privil\u00e9gio de ver guarnieri em &#8216;eles n\u00e3o usam black-tie&#8217; duas vezes, como o filho, no fim dos anos 50, e como o pai, no filme de herzog. a montagem j\u00e1 se foi. [&hellip;]<\/p>\n","protected":false},"author":1,"featured_media":153,"comment_status":"open","ping_status":"open","sticky":false,"template":"","format":"standard","meta":{"pgc_sgb_lightbox_settings":"","footnotes":""},"categories":[3],"tags":[],"class_list":["post-196","post","type-post","status-publish","format-standard","has-post-thumbnail","hentry","category-posts"],"_links":{"self":[{"href":"https:\/\/albertoguzik.org.br\/index.php\/wp-json\/wp\/v2\/posts\/196"}],"collection":[{"href":"https:\/\/albertoguzik.org.br\/index.php\/wp-json\/wp\/v2\/posts"}],"about":[{"href":"https:\/\/albertoguzik.org.br\/index.php\/wp-json\/wp\/v2\/types\/post"}],"author":[{"embeddable":true,"href":"https:\/\/albertoguzik.org.br\/index.php\/wp-json\/wp\/v2\/users\/1"}],"replies":[{"embeddable":true,"href":"https:\/\/albertoguzik.org.br\/index.php\/wp-json\/wp\/v2\/comments?post=196"}],"version-history":[{"count":1,"href":"https:\/\/albertoguzik.org.br\/index.php\/wp-json\/wp\/v2\/posts\/196\/revisions"}],"predecessor-version":[{"id":197,"href":"https:\/\/albertoguzik.org.br\/index.php\/wp-json\/wp\/v2\/posts\/196\/revisions\/197"}],"wp:featuredmedia":[{"embeddable":true,"href":"https:\/\/albertoguzik.org.br\/index.php\/wp-json\/wp\/v2\/media\/153"}],"wp:attachment":[{"href":"https:\/\/albertoguzik.org.br\/index.php\/wp-json\/wp\/v2\/media?parent=196"}],"wp:term":[{"taxonomy":"category","embeddable":true,"href":"https:\/\/albertoguzik.org.br\/index.php\/wp-json\/wp\/v2\/categories?post=196"},{"taxonomy":"post_tag","embeddable":true,"href":"https:\/\/albertoguzik.org.br\/index.php\/wp-json\/wp\/v2\/tags?post=196"}],"curies":[{"name":"wp","href":"https:\/\/api.w.org\/{rel}","templated":true}]}}