{"id":190,"date":"2006-07-15T17:49:27","date_gmt":"2006-07-15T17:49:27","guid":{"rendered":"https:\/\/albertoguzik.org.br\/?p=190"},"modified":"2021-09-29T14:53:10","modified_gmt":"2021-09-29T14:53:10","slug":"pekim","status":"publish","type":"post","link":"https:\/\/albertoguzik.org.br\/index.php\/2006\/07\/15\/pekim\/","title":{"rendered":"pekim"},"content":{"rendered":"<p>ele \u00e9 siam\u00eas, pelagem cinza e marrom-escuro, olhos azuis de espantar. lindo.(1) est\u00e1 comigo h\u00e1 17 anos. pela idade dos gatos, j\u00e1 \u00e9 mais velho que eu. dorme em cima do monitor enquanto escrevo. idoso, tem uns probleminhas de sa\u00fade e anda muito chor\u00e3o. mas \u00e9 afetuoso e em geral superbem disposto. Ivam (2) tem gatos, s\u00e9rgio (2) tamb\u00e9m, e laerte (3) , cl\u00e9o ( 4), du\u00edlio (5) e um monte de gente que conhe\u00e7o. o que ser\u00e1 que faz artistas e gatos se entenderem t\u00e3o bem?<\/p>\n<p>Escrito por Alberto Guzik \u00e0s 17h54<\/p>\n<p>&nbsp;<\/p>\n","protected":false},"excerpt":{"rendered":"<p>ele \u00e9 siam\u00eas, pelagem cinza e marrom-escuro, olhos azuis de espantar. lindo.(1) est\u00e1 comigo h\u00e1 17 anos. pela idade dos gatos, j\u00e1 \u00e9 mais velho que eu. dorme em cima do monitor enquanto escrevo. idoso, tem uns probleminhas de sa\u00fade e anda muito chor\u00e3o. mas \u00e9 afetuoso e em geral superbem disposto. Ivam (2) tem gatos, s\u00e9rgio (2) tamb\u00e9m, e [&hellip;]<\/p>\n","protected":false},"author":1,"featured_media":29,"comment_status":"open","ping_status":"open","sticky":false,"template":"","format":"standard","meta":{"pgc_sgb_lightbox_settings":"","footnotes":""},"categories":[1],"tags":[],"class_list":["post-190","post","type-post","status-publish","format-standard","has-post-thumbnail","hentry","category-categoria"],"_links":{"self":[{"href":"https:\/\/albertoguzik.org.br\/index.php\/wp-json\/wp\/v2\/posts\/190"}],"collection":[{"href":"https:\/\/albertoguzik.org.br\/index.php\/wp-json\/wp\/v2\/posts"}],"about":[{"href":"https:\/\/albertoguzik.org.br\/index.php\/wp-json\/wp\/v2\/types\/post"}],"author":[{"embeddable":true,"href":"https:\/\/albertoguzik.org.br\/index.php\/wp-json\/wp\/v2\/users\/1"}],"replies":[{"embeddable":true,"href":"https:\/\/albertoguzik.org.br\/index.php\/wp-json\/wp\/v2\/comments?post=190"}],"version-history":[{"count":2,"href":"https:\/\/albertoguzik.org.br\/index.php\/wp-json\/wp\/v2\/posts\/190\/revisions"}],"predecessor-version":[{"id":192,"href":"https:\/\/albertoguzik.org.br\/index.php\/wp-json\/wp\/v2\/posts\/190\/revisions\/192"}],"wp:featuredmedia":[{"embeddable":true,"href":"https:\/\/albertoguzik.org.br\/index.php\/wp-json\/wp\/v2\/media\/29"}],"wp:attachment":[{"href":"https:\/\/albertoguzik.org.br\/index.php\/wp-json\/wp\/v2\/media?parent=190"}],"wp:term":[{"taxonomy":"category","embeddable":true,"href":"https:\/\/albertoguzik.org.br\/index.php\/wp-json\/wp\/v2\/categories?post=190"},{"taxonomy":"post_tag","embeddable":true,"href":"https:\/\/albertoguzik.org.br\/index.php\/wp-json\/wp\/v2\/tags?post=190"}],"curies":[{"name":"wp","href":"https:\/\/api.w.org\/{rel}","templated":true}]}}