{"id":175,"date":"2006-06-30T10:29:24","date_gmt":"2006-06-30T10:29:24","guid":{"rendered":"https:\/\/albertoguzik.org.br\/?p=175"},"modified":"2021-09-13T19:32:41","modified_gmt":"2021-09-13T19:32:41","slug":"aurora-volta-pra-casa","status":"publish","type":"post","link":"https:\/\/albertoguzik.org.br\/index.php\/2006\/06\/30\/aurora-volta-pra-casa\/","title":{"rendered":"aurora volta pra casa"},"content":{"rendered":"<p>estou saindo de casa. vou pros satyros, onde reestreamos esta noite &#8216;a vida na pra\u00e7a roosevelt&#8217;, de dea loher, com dire\u00e7\u00e3o inspirada de r\u00f4 garc\u00eda v\u00e1zquez, que ganhou o shell (1) e o qualidade brasil( 2) por este trabalho. \u00e9 um espet\u00e1culo que j\u00e1 fizemos acho que cerca de 100 vezes. e amamos de paix\u00e3o. mas hoje \u00e9 especial. estamos, as personagens, voltando pra casa, pro lugar onde nasceram. isso \u00e9 sagrado. \u00e9 um lance que s\u00f3 podem entender os atores que j\u00e1 sa\u00edram de seu teatro pra viajar com a pe\u00e7a e depois voltaram a ele. \u00e9 retornar ao ber\u00e7o, ao local da origem. a homenagem que a gente sempre presta a dionisos quando entra em cena fica mais forte. tchau. vou levar aurora de c\u00f3rdoba pra casa. como eu amo essa personagem! esse espet\u00e1culo e esse elenco, tamb\u00e9m!<\/p>\n<p>Escrito por Alberto Guzik \u00e0s 17h24<\/p>\n<p>(1) Pr\u00eamio Shell. Pr\u00eamio organizado pela empresa Shell, desde 1989.<br \/>\n(2) Pr\u00eamio Qualidade Brasil. Pr\u00eamio surgido na It\u00e1lia, em 1950. Existe no Brasil desde 1997. <a href=\"http:\/\/www.premioqualidadebr.org.br\/\">http:\/\/www.premioqualidadebr.org.br\/<\/a><\/p>\n","protected":false},"excerpt":{"rendered":"<p>estou saindo de casa. vou pros satyros, onde reestreamos esta noite &#8216;a vida na pra\u00e7a roosevelt&#8217;, de dea loher, com dire\u00e7\u00e3o inspirada de r\u00f4 garc\u00eda v\u00e1zquez, que ganhou o shell (1) e o qualidade brasil( 2) por este trabalho. \u00e9 um espet\u00e1culo que j\u00e1 fizemos acho que cerca de 100 vezes. e amamos de paix\u00e3o. mas hoje \u00e9 especial. estamos, [&hellip;]<\/p>\n","protected":false},"author":1,"featured_media":57,"comment_status":"open","ping_status":"open","sticky":false,"template":"","format":"standard","meta":{"pgc_sgb_lightbox_settings":"","footnotes":""},"categories":[3],"tags":[],"class_list":["post-175","post","type-post","status-publish","format-standard","has-post-thumbnail","hentry","category-posts"],"_links":{"self":[{"href":"https:\/\/albertoguzik.org.br\/index.php\/wp-json\/wp\/v2\/posts\/175"}],"collection":[{"href":"https:\/\/albertoguzik.org.br\/index.php\/wp-json\/wp\/v2\/posts"}],"about":[{"href":"https:\/\/albertoguzik.org.br\/index.php\/wp-json\/wp\/v2\/types\/post"}],"author":[{"embeddable":true,"href":"https:\/\/albertoguzik.org.br\/index.php\/wp-json\/wp\/v2\/users\/1"}],"replies":[{"embeddable":true,"href":"https:\/\/albertoguzik.org.br\/index.php\/wp-json\/wp\/v2\/comments?post=175"}],"version-history":[{"count":1,"href":"https:\/\/albertoguzik.org.br\/index.php\/wp-json\/wp\/v2\/posts\/175\/revisions"}],"predecessor-version":[{"id":176,"href":"https:\/\/albertoguzik.org.br\/index.php\/wp-json\/wp\/v2\/posts\/175\/revisions\/176"}],"wp:featuredmedia":[{"embeddable":true,"href":"https:\/\/albertoguzik.org.br\/index.php\/wp-json\/wp\/v2\/media\/57"}],"wp:attachment":[{"href":"https:\/\/albertoguzik.org.br\/index.php\/wp-json\/wp\/v2\/media?parent=175"}],"wp:term":[{"taxonomy":"category","embeddable":true,"href":"https:\/\/albertoguzik.org.br\/index.php\/wp-json\/wp\/v2\/categories?post=175"},{"taxonomy":"post_tag","embeddable":true,"href":"https:\/\/albertoguzik.org.br\/index.php\/wp-json\/wp\/v2\/tags?post=175"}],"curies":[{"name":"wp","href":"https:\/\/api.w.org\/{rel}","templated":true}]}}