{"id":169,"date":"2006-06-28T07:31:53","date_gmt":"2006-06-28T07:31:53","guid":{"rendered":"https:\/\/albertoguzik.org.br\/?p=169"},"modified":"2021-08-17T14:15:53","modified_gmt":"2021-08-17T14:15:53","slug":"ensaios-e-texto-e-reestreias","status":"publish","type":"post","link":"https:\/\/albertoguzik.org.br\/index.php\/2006\/06\/28\/ensaios-e-texto-e-reestreias\/","title":{"rendered":"ensaios e texto e reestr\u00e9ias"},"content":{"rendered":"<p>estou dirigindo um texto do argentino alejandro rubino, risadas gravadas, com a patr\u00edcia, o j\u00falio e o vicente. terrorismo e clowns. uma mistura explosiva. estou adorando o trabalho. e ficou pronto o texto que patricia aguille extraiu da &#8216;juliette&#8217;, de sade, que estou dirigindo com ivam cabral. os ensaios v\u00e3o ser retomados em breve, e a estr\u00e9ia ser\u00e1 nas satyrianas deste ano. uau! e estamos voltando aos palcos dos satyros com &#8220;a vida na pra\u00e7a roosevelt&#8221;, nesta sexta, dia 30, e com &#8216;joana evangelista&#8217;, na pr\u00f3xima ter\u00e7a. tenho a honra de participar dos dois elencos. como faz bem fazer teatro. esse \u00e9 o rem\u00e9dio para a melancolia.<\/p>\n<p>Escrito por Alberto Guzik \u00e0s 07h31<\/p>\n<p>&nbsp;<\/p>\n","protected":false},"excerpt":{"rendered":"<p>estou dirigindo um texto do argentino alejandro rubino, risadas gravadas, com a patr\u00edcia, o j\u00falio e o vicente. terrorismo e clowns. uma mistura explosiva. estou adorando o trabalho. e ficou pronto o texto que patricia aguille extraiu da &#8216;juliette&#8217;, de sade, que estou dirigindo com ivam cabral. os ensaios v\u00e3o ser retomados em breve, e a estr\u00e9ia ser\u00e1 nas satyrianas [&hellip;]<\/p>\n","protected":false},"author":1,"featured_media":60,"comment_status":"open","ping_status":"open","sticky":false,"template":"","format":"standard","meta":{"pgc_sgb_lightbox_settings":"","footnotes":""},"categories":[3],"tags":[],"class_list":["post-169","post","type-post","status-publish","format-standard","has-post-thumbnail","hentry","category-posts"],"_links":{"self":[{"href":"https:\/\/albertoguzik.org.br\/index.php\/wp-json\/wp\/v2\/posts\/169"}],"collection":[{"href":"https:\/\/albertoguzik.org.br\/index.php\/wp-json\/wp\/v2\/posts"}],"about":[{"href":"https:\/\/albertoguzik.org.br\/index.php\/wp-json\/wp\/v2\/types\/post"}],"author":[{"embeddable":true,"href":"https:\/\/albertoguzik.org.br\/index.php\/wp-json\/wp\/v2\/users\/1"}],"replies":[{"embeddable":true,"href":"https:\/\/albertoguzik.org.br\/index.php\/wp-json\/wp\/v2\/comments?post=169"}],"version-history":[{"count":1,"href":"https:\/\/albertoguzik.org.br\/index.php\/wp-json\/wp\/v2\/posts\/169\/revisions"}],"predecessor-version":[{"id":170,"href":"https:\/\/albertoguzik.org.br\/index.php\/wp-json\/wp\/v2\/posts\/169\/revisions\/170"}],"wp:featuredmedia":[{"embeddable":true,"href":"https:\/\/albertoguzik.org.br\/index.php\/wp-json\/wp\/v2\/media\/60"}],"wp:attachment":[{"href":"https:\/\/albertoguzik.org.br\/index.php\/wp-json\/wp\/v2\/media?parent=169"}],"wp:term":[{"taxonomy":"category","embeddable":true,"href":"https:\/\/albertoguzik.org.br\/index.php\/wp-json\/wp\/v2\/categories?post=169"},{"taxonomy":"post_tag","embeddable":true,"href":"https:\/\/albertoguzik.org.br\/index.php\/wp-json\/wp\/v2\/tags?post=169"}],"curies":[{"name":"wp","href":"https:\/\/api.w.org\/{rel}","templated":true}]}}