{"id":167,"date":"2006-06-27T11:57:52","date_gmt":"2006-06-27T11:57:52","guid":{"rendered":"https:\/\/albertoguzik.org.br\/?p=167"},"modified":"2021-08-17T14:01:38","modified_gmt":"2021-08-17T14:01:38","slug":"melancolia","status":"publish","type":"post","link":"https:\/\/albertoguzik.org.br\/index.php\/2006\/06\/27\/melancolia\/","title":{"rendered":"Melancolia"},"content":{"rendered":"<p>Tem dias que a gente sente uma tristeza de matar, daquelas t\u00e3o grandes que d\u00e1 vontade de sumir, de se dissolver no ar. Alguns problemas pessoais t\u00eam me provocado nos \u00faltimos dias essa melancolia. Adoro essa palavra. Conhe\u00e7o poucas cujo som combine tanto com o sentido. Mas a melancolia, por mais belo que seja o som, n\u00e3o \u00e9 bela. Pode ser cruel e em casos extremos chega a ser letal. \u00c9 preciso combat\u00ea-la da melhor forma que se consegue. F\u00e1cil de falar, dif\u00edcil de fazer. Mas h\u00e1 rem\u00e9dios para a melancolia. E n\u00e3o estou falando de antidepressivos, n\u00e3o. Estou falando de arte, e pensando no t\u00edtulo de um conto bel\u00edssimo de Ray Bradbury, A Medicine for Melancholy. Bradbury foi um de meus autores prediletos no tempo em que eu era um leitor compulsivo de fic\u00e7\u00e3o cient\u00edfica. E esse conto \u00e9 particularmente pungente.<br \/>\nBem, disse tudo isso pra declarar que no meu caso a arte \u00e9 um rem\u00e9dio poderoso para a melancolia. Nesses dias tristes tem me feito bem ir ao cinema, ao teatro, ler. Adorei ver Eu, Voc\u00ea e Todos N\u00f3s, um indie delicioso, suave e cruel (1) . Fiquei tocad\u00edssimo pela revis\u00e3o de De Profundis, pela corajosa viagem pelos territ\u00f3rios do desejo e do amor e da dor e da solid\u00e3o que o texto de Ivam Cabral e a montagem de Rodolfo V\u00e1zquez empreendem. E estou lendo dois livros sensacionais. O Terceiro Tira, de Flann O\u2019Brien, e A Autobiografia de Alice B. Toklas, de Gertrude Stein. Sobre esses livros \u00e9 preciso falar mais e melhor. Volto outra hora, pq agora o Brasil vai jogar sua sorte em Dortmund, contra Gana. E um bom jogo de futebol tamb\u00e9m \u00e9 um bom rem\u00e9dio para a melancolia. Ou n\u00e3o&#8230;<\/p>\n<p>Escrito por Alberto Guzik \u00e0s 11h52<\/p>\n<p>(1) \u201cMe and You and Everyone We Know\u201d. USA, 2005. Dire\u00e7\u00e3o de Miranda July.<br \/>\n<a href=\"http:\/\/www.imdb.com\/title\/tt0415978\/\">http:\/\/www.imdb.com\/title\/tt0415978\/<\/a><\/p>\n<p><strong>3&#215;0, mas&#8230;<\/strong><\/p>\n<p>por que ser\u00e1 que a sele\u00e7\u00e3o do brasil n\u00e3o me convence nem fazendo 3 gols em gana, que tava botando tanta banca antes do jogo? por que ser\u00e1 que o jogo do brasil n\u00e3o me deixa feliz? ser\u00e1 que \u00e9 pq sinto que falta alegria em campo? pq n\u00e3o vejo magia no jogo da sele\u00e7\u00e3o, s\u00f3 esfor\u00e7o, esfor\u00e7o&#8230; e esfor\u00e7o sem tes\u00e3o. ser\u00e1 isso?<\/p>\n<p>Escrito por Alberto Guzik \u00e0s 15h01<\/p>\n<p>&nbsp;<\/p>\n","protected":false},"excerpt":{"rendered":"<p>Tem dias que a gente sente uma tristeza de matar, daquelas t\u00e3o grandes que d\u00e1 vontade de sumir, de se dissolver no ar. Alguns problemas pessoais t\u00eam me provocado nos \u00faltimos dias essa melancolia. Adoro essa palavra. Conhe\u00e7o poucas cujo som combine tanto com o sentido. Mas a melancolia, por mais belo que seja o som, n\u00e3o \u00e9 bela. Pode [&hellip;]<\/p>\n","protected":false},"author":1,"featured_media":65,"comment_status":"open","ping_status":"open","sticky":false,"template":"","format":"standard","meta":{"pgc_sgb_lightbox_settings":"","footnotes":""},"categories":[3],"tags":[],"class_list":["post-167","post","type-post","status-publish","format-standard","has-post-thumbnail","hentry","category-posts"],"_links":{"self":[{"href":"https:\/\/albertoguzik.org.br\/index.php\/wp-json\/wp\/v2\/posts\/167"}],"collection":[{"href":"https:\/\/albertoguzik.org.br\/index.php\/wp-json\/wp\/v2\/posts"}],"about":[{"href":"https:\/\/albertoguzik.org.br\/index.php\/wp-json\/wp\/v2\/types\/post"}],"author":[{"embeddable":true,"href":"https:\/\/albertoguzik.org.br\/index.php\/wp-json\/wp\/v2\/users\/1"}],"replies":[{"embeddable":true,"href":"https:\/\/albertoguzik.org.br\/index.php\/wp-json\/wp\/v2\/comments?post=167"}],"version-history":[{"count":1,"href":"https:\/\/albertoguzik.org.br\/index.php\/wp-json\/wp\/v2\/posts\/167\/revisions"}],"predecessor-version":[{"id":168,"href":"https:\/\/albertoguzik.org.br\/index.php\/wp-json\/wp\/v2\/posts\/167\/revisions\/168"}],"wp:featuredmedia":[{"embeddable":true,"href":"https:\/\/albertoguzik.org.br\/index.php\/wp-json\/wp\/v2\/media\/65"}],"wp:attachment":[{"href":"https:\/\/albertoguzik.org.br\/index.php\/wp-json\/wp\/v2\/media?parent=167"}],"wp:term":[{"taxonomy":"category","embeddable":true,"href":"https:\/\/albertoguzik.org.br\/index.php\/wp-json\/wp\/v2\/categories?post=167"},{"taxonomy":"post_tag","embeddable":true,"href":"https:\/\/albertoguzik.org.br\/index.php\/wp-json\/wp\/v2\/tags?post=167"}],"curies":[{"name":"wp","href":"https:\/\/api.w.org\/{rel}","templated":true}]}}