{"id":150,"date":"2006-06-25T15:47:54","date_gmt":"2006-06-25T15:47:54","guid":{"rendered":"https:\/\/albertoguzik.org.br\/?p=150"},"modified":"2021-08-05T15:52:31","modified_gmt":"2021-08-05T15:52:31","slug":"de-cordoba","status":"publish","type":"post","link":"https:\/\/albertoguzik.org.br\/index.php\/2006\/06\/25\/de-cordoba\/","title":{"rendered":"De C\u00f3rdoba"},"content":{"rendered":"<p>Na noite de ontem ela estava esplendorosa, l\u00e1 nos Satyros, pronta pra festejar o anivers\u00e1rio de Ivam Cabral. Como Phedra de Cordoba \u00e9 chique. Pode estar usando um trapo, mas enverga-o com tanto garbo que fica parecendo a pr\u00f3pria Greta Garbo. \u00c9 preciso ver a express\u00e3o misteriosa da diva, quando viaja nas excurs\u00f5es da companhia. E \u00e9 preciso ver sua desenvoltura quando tem que se expressar na salada de l\u00ednguas que usa no dia a dia. &#8220;I have no espression&#8221;, diz para afirmar que n\u00e3o tem palavras de agradecimento. &#8220;I want fried potatoes with peru glugluglu&#8221;, afirma quando quer bife de peru com fritas. &#8220;What sabores do you have&#8221;, pergunta, na maior cara de pau, pra rodomo\u00e7a vietnamita que nos atendeu na Alemanha. E pra mesma rodomo\u00e7a indaga, direta: &#8220;Do you have biscoits&#8221;. Phedra \u00e9 incr\u00edvel. Elegant\u00e9sima e fala phedr\u00eas. Um fen\u00f4meno essa figura que chegou de Cuba pra ser a diva da Pra\u00e7a Roosevelt.<\/p>\n<p>Escrito por Alberto Guzik \u00e0s 16h47<\/p>\n<p><strong>Ivam e &#8216;De Profundis&#8217;<br \/>\n<\/strong><br \/>\nE por falar no anivers\u00e1rio do Ivam, ele deu-se trabalho de presente. Participou na sexta, dia 23 e ontem, dia 24, da montagem de &#8220;De Profundis&#8221;, que Rodolfo Garc\u00eda V\u00e1zquez remontou e est\u00e1 em cartaz desde janeiro, \u00e0 meia-noite, no Espa\u00e7o dos Satyros 2, onde permanece por apenas mais duas semanas. Ivam substituiu Mar\u00e7al da Costa , um dos libertinos dos &#8220;120 Dias de Sodoma&#8221;, que foi encarregado por Rodolfo de viver, nesta temporada, o papel de Oscar Wilde, que Ivam criou nas v\u00e1rias temporadas anteriores do espet\u00e1culo.<br \/>\nVer Ivam em cena, mais uma vez, fazendo Oscar, ao lado de Germano Pereira, um intenso e vibrante Bosie, \u00e9 uma experi\u00eancia perturbadora. Um dos melhores atores de sua gera\u00e7\u00e3o. Isso \u00e9 o que acho de Ivam, e j\u00e1 escrevi a opini\u00e3o em v\u00e1rios lugares. Tive a rara chance de contracenar com ele em montagens t\u00e3o diversas quanto &#8220;Kaspar&#8221;, &#8220;Transex&#8221; e &#8220;A Vida na Pra\u00e7a Roosevelt&#8221;, e da\u00ed fica f\u00e1cil perceber o leque dram\u00e1tico desse ator \u00fanico, a sua extens\u00e3o vocal, a sua entrega f\u00edsica. Ivam \u00e9 um ator tr\u00e1gico que sabe fazer com\u00e9dia, farsa, par\u00f3dia, e o que mais quiser. E se tem essa grandeza de alma, \u00e9 porque sabe, sempre, ouvir suas d\u00favidas. Uma pessoa insegura, incerta sempre dos resultados que quer atingir. E que por ser assim, t\u00e3o assim, est\u00e1 sempre indo al\u00e9m das fronteiras que ele pr\u00f3prio estabeleceu. Sa\u00ed do teatro ontem habitado pelo pungente espet\u00e1culo de Rodolfo e pela interpreta\u00e7\u00e3o arrebatadora de Ivam, que \u00e9 secundado com brilho por um elenco batuta. Fiquei triste depois de ver &#8220;De Profundis&#8221;. Aquela tristeza boa que nos invade quando a gente fica cara a cara com obras de arte.<\/p>\n<p>Escrito por Alberto Guzik \u00e0s 17h47<\/p>\n","protected":false},"excerpt":{"rendered":"<p>Na noite de ontem ela estava esplendorosa, l\u00e1 nos Satyros, pronta pra festejar o anivers\u00e1rio de Ivam Cabral. Como Phedra de Cordoba \u00e9 chique. Pode estar usando um trapo, mas enverga-o com tanto garbo que fica parecendo a pr\u00f3pria Greta Garbo. \u00c9 preciso ver a express\u00e3o misteriosa da diva, quando viaja nas excurs\u00f5es da companhia. E \u00e9 preciso ver sua [&hellip;]<\/p>\n","protected":false},"author":1,"featured_media":151,"comment_status":"open","ping_status":"open","sticky":false,"template":"","format":"standard","meta":{"pgc_sgb_lightbox_settings":"","footnotes":""},"categories":[3],"tags":[],"class_list":["post-150","post","type-post","status-publish","format-standard","has-post-thumbnail","hentry","category-posts"],"_links":{"self":[{"href":"https:\/\/albertoguzik.org.br\/index.php\/wp-json\/wp\/v2\/posts\/150"}],"collection":[{"href":"https:\/\/albertoguzik.org.br\/index.php\/wp-json\/wp\/v2\/posts"}],"about":[{"href":"https:\/\/albertoguzik.org.br\/index.php\/wp-json\/wp\/v2\/types\/post"}],"author":[{"embeddable":true,"href":"https:\/\/albertoguzik.org.br\/index.php\/wp-json\/wp\/v2\/users\/1"}],"replies":[{"embeddable":true,"href":"https:\/\/albertoguzik.org.br\/index.php\/wp-json\/wp\/v2\/comments?post=150"}],"version-history":[{"count":1,"href":"https:\/\/albertoguzik.org.br\/index.php\/wp-json\/wp\/v2\/posts\/150\/revisions"}],"predecessor-version":[{"id":152,"href":"https:\/\/albertoguzik.org.br\/index.php\/wp-json\/wp\/v2\/posts\/150\/revisions\/152"}],"wp:featuredmedia":[{"embeddable":true,"href":"https:\/\/albertoguzik.org.br\/index.php\/wp-json\/wp\/v2\/media\/151"}],"wp:attachment":[{"href":"https:\/\/albertoguzik.org.br\/index.php\/wp-json\/wp\/v2\/media?parent=150"}],"wp:term":[{"taxonomy":"category","embeddable":true,"href":"https:\/\/albertoguzik.org.br\/index.php\/wp-json\/wp\/v2\/categories?post=150"},{"taxonomy":"post_tag","embeddable":true,"href":"https:\/\/albertoguzik.org.br\/index.php\/wp-json\/wp\/v2\/tags?post=150"}],"curies":[{"name":"wp","href":"https:\/\/api.w.org\/{rel}","templated":true}]}}