{"id":144,"date":"2006-06-11T17:26:19","date_gmt":"2006-06-11T17:26:19","guid":{"rendered":"https:\/\/albertoguzik.org.br\/?p=144"},"modified":"2021-08-04T12:29:06","modified_gmt":"2021-08-04T12:29:06","slug":"o-ornitorrinco","status":"publish","type":"post","link":"https:\/\/albertoguzik.org.br\/index.php\/2006\/06\/11\/o-ornitorrinco\/","title":{"rendered":"O Ornitorrinco"},"content":{"rendered":"<p>Eu fui testemunha do nascimento do Ornitorrinco l\u00e1 por 1976\/77. Dividia um apartamento com o an\u00e1rquico e radical artista Luiz Roberto Galizia quando ele come\u00e7ou a trabalhar na cria\u00e7\u00e3o do grupo ao lado de Maria Alice Vergueiro (3) e Cac\u00e1 Rosset. Lembro muito bem do vigor ca\u00f3tico e extremado das primeiras montagens: &#8220;Os Mais Fortes&#8221;, &#8220;Ornitorrinco Canta&#8221;, &#8220;Mahagonny&#8221;, &#8220;Teledeum&#8221;, &#8220;Ubu&#8221;. Um vigor que se conservou na fase de montagens de com\u00e9dias cl\u00e1ssicas de Moli\u00e9re e Shakespeare, embora as encena\u00e7\u00f5es fossem cada vez mais parecidas umas com as outras. E vejo agora o Ornitorrinco tentar renascer das cinzas com &#8220;O Marido Vai \u00e0 Ca\u00e7a&#8221;, em que o veloz humor de Georges Faydeau \u00e9 desservido por uma montagem muito competente, mas plana e convencional at\u00e9 n\u00e3o poder mais. A cr\u00edtica do S\u00e9rgio Coelho na Folha foi super-severa e est\u00e1 cert\u00edssima. (1) Cac\u00e1 n\u00e3o deveria mais colocar sob o logo do Ornitorrinco a essa sua nova produ\u00e7\u00e3o. Ele est\u00e1 detonando a mem\u00f3ria de sua principal contribui\u00e7\u00e3o \u00e0 hist\u00f3ria do teatro brasileiro. O homem de frases ferinas em que se tornou pode tentar se convencer que isso n\u00e3o tem a menor import\u00e2ncia. Mas o artista que ele \u00e9 sabe que, se pensar assim, estar\u00e1 apenas iludindo a si mesmo. O artista n\u00e3o pode perder a coer\u00eancia, ou perde aquilo que tem de mais importante.<\/p>\n<p>Escrito por alberto guzik \u00e0s 17h29<\/p>\n<p>(1) Link cr\u00edtica de S\u00e9rgio Salvia Coelho: http:\/\/www1.folha.uol.com.br\/fsp\/acontece\/ac0606200601.htm<\/p>\n","protected":false},"excerpt":{"rendered":"<p>Eu fui testemunha do nascimento do Ornitorrinco l\u00e1 por 1976\/77. Dividia um apartamento com o an\u00e1rquico e radical artista Luiz Roberto Galizia quando ele come\u00e7ou a trabalhar na cria\u00e7\u00e3o do grupo ao lado de Maria Alice Vergueiro (3) e Cac\u00e1 Rosset. Lembro muito bem do vigor ca\u00f3tico e extremado das primeiras montagens: &#8220;Os Mais Fortes&#8221;, &#8220;Ornitorrinco Canta&#8221;, &#8220;Mahagonny&#8221;, &#8220;Teledeum&#8221;, &#8220;Ubu&#8221;. [&hellip;]<\/p>\n","protected":false},"author":1,"featured_media":77,"comment_status":"open","ping_status":"open","sticky":false,"template":"","format":"standard","meta":{"pgc_sgb_lightbox_settings":"","footnotes":""},"categories":[3],"tags":[],"class_list":["post-144","post","type-post","status-publish","format-standard","has-post-thumbnail","hentry","category-posts"],"_links":{"self":[{"href":"https:\/\/albertoguzik.org.br\/index.php\/wp-json\/wp\/v2\/posts\/144"}],"collection":[{"href":"https:\/\/albertoguzik.org.br\/index.php\/wp-json\/wp\/v2\/posts"}],"about":[{"href":"https:\/\/albertoguzik.org.br\/index.php\/wp-json\/wp\/v2\/types\/post"}],"author":[{"embeddable":true,"href":"https:\/\/albertoguzik.org.br\/index.php\/wp-json\/wp\/v2\/users\/1"}],"replies":[{"embeddable":true,"href":"https:\/\/albertoguzik.org.br\/index.php\/wp-json\/wp\/v2\/comments?post=144"}],"version-history":[{"count":1,"href":"https:\/\/albertoguzik.org.br\/index.php\/wp-json\/wp\/v2\/posts\/144\/revisions"}],"predecessor-version":[{"id":145,"href":"https:\/\/albertoguzik.org.br\/index.php\/wp-json\/wp\/v2\/posts\/144\/revisions\/145"}],"wp:featuredmedia":[{"embeddable":true,"href":"https:\/\/albertoguzik.org.br\/index.php\/wp-json\/wp\/v2\/media\/77"}],"wp:attachment":[{"href":"https:\/\/albertoguzik.org.br\/index.php\/wp-json\/wp\/v2\/media?parent=144"}],"wp:term":[{"taxonomy":"category","embeddable":true,"href":"https:\/\/albertoguzik.org.br\/index.php\/wp-json\/wp\/v2\/categories?post=144"},{"taxonomy":"post_tag","embeddable":true,"href":"https:\/\/albertoguzik.org.br\/index.php\/wp-json\/wp\/v2\/tags?post=144"}],"curies":[{"name":"wp","href":"https:\/\/api.w.org\/{rel}","templated":true}]}}